{"id":13878,"date":"2021-02-16T16:19:14","date_gmt":"2021-02-16T19:19:14","guid":{"rendered":"http:\/\/www.centraldenoticias.com.ar\/?p=13878"},"modified":"2021-02-16T18:01:21","modified_gmt":"2021-02-16T21:01:21","slug":"vacunas-para-mayores-de-70-olavarrienses-compartieron-en-redes-la-asignacion-de-turnos","status":"publish","type":"post","link":"https:\/\/cdnoticias.com\/index.php\/2021\/02\/16\/vacunas-para-mayores-de-70-olavarrienses-compartieron-en-redes-la-asignacion-de-turnos\/","title":{"rendered":"Vacunas para mayores de 70: Olavarrienses compartieron en redes la asignaci\u00f3n de turnos \u00a0"},"content":{"rendered":"<p>El Gobierno provincial comenz\u00f3 a asignar los turnos a los mayores de 70 a\u00f1os que se inscribieron previamente en el registro online para iniciar la vacunaci\u00f3n contra el coronavirus en esta poblaci\u00f3n.<!--more--><\/p>\n<hr \/>\n<p><strong><em>\u201cHoy le lleg\u00f3 a mi abuelo el turno para vacunarse, indescriptible su cara de felicidad\u201d<\/em><\/strong> o <strong><em>\u201cLes informaron a los abuelos de mis hijos que el pr\u00f3ximo viernes los vacunar\u00e1n contra el Covid19\u201d<\/em><\/strong>, fueron alguno de los mensajes que inundaron las redes sociales.<\/p>\n<p>&nbsp;<\/p>\n<p>La noticia era una de las m\u00e1s esperadas y que gener\u00f3 consultas en nuestra ciudad pr\u00e1cticamente<strong> desde el anuncio de la campa\u00f1a de vacunaci\u00f3n.<\/strong><\/p>\n<p>&nbsp;<\/p>\n<p>Finalmente lleg\u00f3 la confirmaci\u00f3n por parte del Ministerio de Salud bonaerense. Durante la jornada, se conoci\u00f3 que la provincia de Buenos Aires <strong>comenz\u00f3 a asignar turnos a adultos mayores de 70 a\u00f1os<\/strong> para iniciar la vacunaci\u00f3n en esta poblaci\u00f3n.<\/p>\n<p>&nbsp;<\/p>\n<p><img data-recalc-dims=\"1\" loading=\"lazy\" decoding=\"async\" class=\"alignnone size-full wp-image-13039\" src=\"https:\/\/i0.wp.com\/cdnoticias.com\/wp-content\/uploads\/2021\/02\/vacunaci%C3%B3n-covid-generica.jpeg?resize=630%2C420&#038;ssl=1\" alt=\"\" width=\"630\" height=\"420\" srcset=\"https:\/\/i0.wp.com\/cdnoticias.com\/wp-content\/uploads\/2021\/02\/vacunaci%C3%B3n-covid-generica.jpeg?w=630&amp;ssl=1 630w, https:\/\/i0.wp.com\/cdnoticias.com\/wp-content\/uploads\/2021\/02\/vacunaci%C3%B3n-covid-generica.jpeg?resize=300%2C200&amp;ssl=1 300w, https:\/\/i0.wp.com\/cdnoticias.com\/wp-content\/uploads\/2021\/02\/vacunaci%C3%B3n-covid-generica.jpeg?resize=272%2C182&amp;ssl=1 272w\" sizes=\"auto, (max-width: 630px) 100vw, 630px\" \/><\/p>\n<p>&nbsp;<\/p>\n<p><strong>Hasta el momento, los inscriptos mayores de 70 suman 462.239<\/strong>: un total de 335.396 de entre 70 y 79 a\u00f1os; 111.960 mayores de 80; 14.750 mayores de 90; y unos 160 mayores de 100.<\/p>\n<p>&nbsp;<\/p>\n<p>Adem\u00e1s,<strong> a trav\u00e9s de PAMI, ya fueron vacunados con la Sputnik V alrededor de 3000 afiliados<\/strong>, residentes de geri\u00e1tricos de esa obra social.<\/p>\n<p>&nbsp;<\/p>\n<p>En paralelo, esta semana <strong>comenzar\u00e1 tambi\u00e9n la vacunaci\u00f3n de los docentes,<\/strong> ante la vuelta a las clases presenciales.<\/p>\n<p>&nbsp;<\/p>\n<p><img data-recalc-dims=\"1\" loading=\"lazy\" decoding=\"async\" class=\"alignnone size-full wp-image-13872\" src=\"https:\/\/i0.wp.com\/cdnoticias.com\/wp-content\/uploads\/2021\/02\/WhatsApp-Image-2021-02-16-at-13.32.09-1.jpeg?resize=800%2C425&#038;ssl=1\" alt=\"\" width=\"800\" height=\"425\" srcset=\"https:\/\/i0.wp.com\/cdnoticias.com\/wp-content\/uploads\/2021\/02\/WhatsApp-Image-2021-02-16-at-13.32.09-1.jpeg?w=1280&amp;ssl=1 1280w, https:\/\/i0.wp.com\/cdnoticias.com\/wp-content\/uploads\/2021\/02\/WhatsApp-Image-2021-02-16-at-13.32.09-1.jpeg?resize=300%2C159&amp;ssl=1 300w, https:\/\/i0.wp.com\/cdnoticias.com\/wp-content\/uploads\/2021\/02\/WhatsApp-Image-2021-02-16-at-13.32.09-1.jpeg?resize=768%2C408&amp;ssl=1 768w, https:\/\/i0.wp.com\/cdnoticias.com\/wp-content\/uploads\/2021\/02\/WhatsApp-Image-2021-02-16-at-13.32.09-1.jpeg?resize=1024%2C544&amp;ssl=1 1024w\" sizes=\"auto, (max-width: 800px) 100vw, 800px\" \/><\/p>\n<p>&nbsp;<\/p>\n<p><strong>M\u00e1s primeras dosis en Olavarr\u00eda<\/strong><\/p>\n<p>&nbsp;<\/p>\n<p>Por otra parte, durante este martes,<a href=\"https:\/\/cdnoticias.com\/index.php\/2021\/02\/16\/llegaron-mas-vacunas-a-olavarria-son-1200-primeras-dosis-de-la-sputnik\/\" target=\"_blank\" rel=\"noopener\"> llegaron a la ciudad 1200 primeras dosis de la vacuna Sputnik V.<\/a><\/p>\n<p>&nbsp;<\/p>\n<p>Las autoridades sanitarias indicaron que <strong>600 dosis fueron almacenadas en la Escuela de Educaci\u00f3n Secundaria N\u00b0 1 \u201cJorge Luis Borges\u201d y la otra mitad en el SUM de Suteba.<\/strong><\/p>\n<p>&nbsp;<\/p>\n<p>El jueves comenzar\u00e1n a ser aplicadas a <strong>personal sanitario, adultos mayores de 60 a\u00f1os, adultos entre 18 y 59 a\u00f1os con factores de riesgo, personal docente y de seguridad.<\/strong><\/p>\n","protected":false},"excerpt":{"rendered":"<p>El Gobierno provincial comenz\u00f3 a asignar los turnos a los mayores de 70 a\u00f1os que se inscribieron previamente en el<\/p>\n","protected":false},"author":5,"featured_media":13266,"comment_status":"closed","ping_status":"closed","sticky":false,"template":"","format":"standard","meta":{"_jetpack_memberships_contains_paid_content":false,"footnotes":""},"categories":[5,1],"tags":[],"class_list":["post-13878","post","type-post","status-publish","format-standard","has-post-thumbnail","hentry","category-informacion-general","category-portada"],"jetpack_featured_media_url":"https:\/\/i0.wp.com\/cdnoticias.com\/wp-content\/uploads\/2021\/02\/vacunaci%C3%B3n-hogar-ancianos1.jpg?fit=4608%2C3072&ssl=1","jetpack_sharing_enabled":true,"_links":{"self":[{"href":"https:\/\/cdnoticias.com\/index.php\/wp-json\/wp\/v2\/posts\/13878","targetHints":{"allow":["GET"]}}],"collection":[{"href":"https:\/\/cdnoticias.com\/index.php\/wp-json\/wp\/v2\/posts"}],"about":[{"href":"https:\/\/cdnoticias.com\/index.php\/wp-json\/wp\/v2\/types\/post"}],"author":[{"embeddable":true,"href":"https:\/\/cdnoticias.com\/index.php\/wp-json\/wp\/v2\/users\/5"}],"replies":[{"embeddable":true,"href":"https:\/\/cdnoticias.com\/index.php\/wp-json\/wp\/v2\/comments?post=13878"}],"version-history":[{"count":0,"href":"https:\/\/cdnoticias.com\/index.php\/wp-json\/wp\/v2\/posts\/13878\/revisions"}],"wp:featuredmedia":[{"embeddable":true,"href":"https:\/\/cdnoticias.com\/index.php\/wp-json\/wp\/v2\/media\/13266"}],"wp:attachment":[{"href":"https:\/\/cdnoticias.com\/index.php\/wp-json\/wp\/v2\/media?parent=13878"}],"wp:term":[{"taxonomy":"category","embeddable":true,"href":"https:\/\/cdnoticias.com\/index.php\/wp-json\/wp\/v2\/categories?post=13878"},{"taxonomy":"post_tag","embeddable":true,"href":"https:\/\/cdnoticias.com\/index.php\/wp-json\/wp\/v2\/tags?post=13878"}],"curies":[{"name":"wp","href":"https:\/\/api.w.org\/{rel}","templated":true}]}}