{"id":138772,"date":"2023-06-05T20:09:48","date_gmt":"2023-06-05T23:09:48","guid":{"rendered":"http:\/\/centraldeportes.com.ar\/?p=36795"},"modified":"2025-02-11T17:22:57","modified_gmt":"2025-02-11T20:22:57","slug":"estudiantes-se-consagro-campeon-en-pigue","status":"publish","type":"post","link":"https:\/\/cdnoticias.com\/index.php\/2023\/06\/05\/estudiantes-se-consagro-campeon-en-pigue\/","title":{"rendered":"Estudiantes se consagr\u00f3 campe\u00f3n en Pig\u00fc\u00e9"},"content":{"rendered":"<p>Este fin de semana en Pig\u00fc\u00e9 se realiz\u00f3 la instancia clasificatoria de la Li.Pro.Bo de la Federaci\u00f3n Bonaerense de V\u00f3ley con gran presencia de los equipos de la AOV y festejo para Estudiantes.<!--more--><\/p>\n<hr \/>\n<p>Por la Regi\u00f3n Sur (integrada por la Asociaci\u00f3n Olavarriense, Bahiense y Sudoeste) viajaron a competir Estudiantes A y B, Racing e Independiente de Tandil en la categor\u00eda Sub16 y fue con destacadas actuaciones para los locales.<\/p>\n<p>&nbsp;<\/p>\n<p>El &#8220;Batarraz&#8221; fue el campe\u00f3n del certamen al derrotar a Bahiense del Norte en la final mientras que el equipo B albinegro fue cuarto al caer por el tercer puesto frente a Olimpo de Bah\u00eda Blanca. Ambos lograron la clasificaci\u00f3n a la siguiente fase.<\/p>\n<p>&nbsp;<\/p>\n<p>Adem\u00e1s Independiente de Tandil fue 7mo y Racing 8vo.<\/p>\n<p>&nbsp;<\/p>\n<p>La Liga Provincial Bonaerense en sub14 y sub18 se jugar\u00e1 del 7 al 9 de Julio en Bah\u00eda Blanca.<\/p>\n","protected":false},"excerpt":{"rendered":"<p>Este fin de semana en Pig\u00fc\u00e9 se realiz\u00f3 la instancia clasificatoria de la Li.Pro.Bo de la Federaci\u00f3n Bonaerense de V\u00f3ley<\/p>\n","protected":false},"author":96739694,"featured_media":155701,"comment_status":"closed","ping_status":"closed","sticky":false,"template":"","format":"standard","meta":{"_jetpack_memberships_contains_paid_content":false,"footnotes":""},"categories":[30,1],"tags":[],"class_list":["post-138772","post","type-post","status-publish","format-standard","has-post-thumbnail","hentry","category-polideportivo","category-portada"],"jetpack_featured_media_url":"https:\/\/i0.wp.com\/cdnoticias.com\/wp-content\/uploads\/2023\/06\/WhatsApp-Image-2023-06-05-at-12.37.37.jpeg?fit=1600%2C900&ssl=1","jetpack_sharing_enabled":true,"_links":{"self":[{"href":"https:\/\/cdnoticias.com\/index.php\/wp-json\/wp\/v2\/posts\/138772","targetHints":{"allow":["GET"]}}],"collection":[{"href":"https:\/\/cdnoticias.com\/index.php\/wp-json\/wp\/v2\/posts"}],"about":[{"href":"https:\/\/cdnoticias.com\/index.php\/wp-json\/wp\/v2\/types\/post"}],"author":[{"embeddable":true,"href":"https:\/\/cdnoticias.com\/index.php\/wp-json\/wp\/v2\/users\/96739694"}],"replies":[{"embeddable":true,"href":"https:\/\/cdnoticias.com\/index.php\/wp-json\/wp\/v2\/comments?post=138772"}],"version-history":[{"count":0,"href":"https:\/\/cdnoticias.com\/index.php\/wp-json\/wp\/v2\/posts\/138772\/revisions"}],"wp:featuredmedia":[{"embeddable":true,"href":"https:\/\/cdnoticias.com\/index.php\/wp-json\/wp\/v2\/media\/155701"}],"wp:attachment":[{"href":"https:\/\/cdnoticias.com\/index.php\/wp-json\/wp\/v2\/media?parent=138772"}],"wp:term":[{"taxonomy":"category","embeddable":true,"href":"https:\/\/cdnoticias.com\/index.php\/wp-json\/wp\/v2\/categories?post=138772"},{"taxonomy":"post_tag","embeddable":true,"href":"https:\/\/cdnoticias.com\/index.php\/wp-json\/wp\/v2\/tags?post=138772"}],"curies":[{"name":"wp","href":"https:\/\/api.w.org\/{rel}","templated":true}]}}