{"id":138771,"date":"2023-06-05T20:13:11","date_gmt":"2023-06-05T23:13:11","guid":{"rendered":"http:\/\/centraldeportes.com.ar\/?p=36794"},"modified":"2025-02-11T17:22:56","modified_gmt":"2025-02-11T20:22:56","slug":"san-lorenzo-probara-jugadores-en-el-fortin","status":"publish","type":"post","link":"https:\/\/cdnoticias.com\/index.php\/2023\/06\/05\/san-lorenzo-probara-jugadores-en-el-fortin\/","title":{"rendered":"San Lorenzo probar\u00e1 jugadores en El Fort\u00edn"},"content":{"rendered":"<p>La actividad arrancar\u00e1 durante el mediod\u00eda de este martes y se extender\u00e1 hasta la jornada vespertina en la cancha auxiliar.<!--more--><\/p>\n<hr \/>\n<p>El <strong>Departamento de Captaci\u00f3n de San Lorenzo<\/strong> <strong>arribar\u00e1 este martes a la ciudad<\/strong> y llevar\u00e1 a cabo una extensa jornada de observaci\u00f3n de jugadores en las inmediaciones del Club El Fort\u00edn (sede de avenida Pellegrini).<\/p>\n<p>&nbsp;<\/p>\n<p>Las pr\u00e1cticas estar\u00e1n encabezadas por el Coordinador <strong>Marcelo Manzo<\/strong> y tendr\u00e1n desarrollo en la cancha auxiliar de la entidad \u201cFortinera\u201d. <strong>Se probar\u00e1n jugadores de categor\u00edas 2006 hasta 2013<\/strong>.<\/p>\n<p>&nbsp;<\/p>\n<p><strong>Cronograma:<\/strong><\/p>\n<p>2006 \u2013 2007: <strong>12:00 horas.<\/strong><\/p>\n<p>2008: <strong>13:00 horas.<\/strong><\/p>\n<p>2009: <strong>14:00 horas.<\/strong><\/p>\n<p>2010: <strong>15:00 horas.<\/strong><\/p>\n<p>2011: <strong>16:00 horas.<\/strong><\/p>\n<p>2012 \u2013 2013: <strong>17:00 horas.<\/strong><\/p>\n<p>&nbsp;<\/p>\n<p><em><strong>Foto: Archivo.<\/strong><\/em><\/p>\n","protected":false},"excerpt":{"rendered":"<p>La actividad arrancar\u00e1 durante el mediod\u00eda de este martes y se extender\u00e1 hasta la jornada vespertina en la cancha auxiliar.<\/p>\n","protected":false},"author":96739694,"featured_media":147505,"comment_status":"closed","ping_status":"closed","sticky":false,"template":"","format":"standard","meta":{"_jetpack_memberships_contains_paid_content":false,"footnotes":""},"categories":[35,40,1],"tags":[],"class_list":["post-138771","post","type-post","status-publish","format-standard","has-post-thumbnail","hentry","category-futbol","category-inferiores","category-portada"],"jetpack_featured_media_url":"https:\/\/i0.wp.com\/cdnoticias.com\/wp-content\/uploads\/2022\/04\/WhatsApp-Image-2022-04-19-at-6.16.49-PM.jpeg?fit=1280%2C847&ssl=1","jetpack_sharing_enabled":true,"_links":{"self":[{"href":"https:\/\/cdnoticias.com\/index.php\/wp-json\/wp\/v2\/posts\/138771","targetHints":{"allow":["GET"]}}],"collection":[{"href":"https:\/\/cdnoticias.com\/index.php\/wp-json\/wp\/v2\/posts"}],"about":[{"href":"https:\/\/cdnoticias.com\/index.php\/wp-json\/wp\/v2\/types\/post"}],"author":[{"embeddable":true,"href":"https:\/\/cdnoticias.com\/index.php\/wp-json\/wp\/v2\/users\/96739694"}],"replies":[{"embeddable":true,"href":"https:\/\/cdnoticias.com\/index.php\/wp-json\/wp\/v2\/comments?post=138771"}],"version-history":[{"count":0,"href":"https:\/\/cdnoticias.com\/index.php\/wp-json\/wp\/v2\/posts\/138771\/revisions"}],"wp:featuredmedia":[{"embeddable":true,"href":"https:\/\/cdnoticias.com\/index.php\/wp-json\/wp\/v2\/media\/147505"}],"wp:attachment":[{"href":"https:\/\/cdnoticias.com\/index.php\/wp-json\/wp\/v2\/media?parent=138771"}],"wp:term":[{"taxonomy":"category","embeddable":true,"href":"https:\/\/cdnoticias.com\/index.php\/wp-json\/wp\/v2\/categories?post=138771"},{"taxonomy":"post_tag","embeddable":true,"href":"https:\/\/cdnoticias.com\/index.php\/wp-json\/wp\/v2\/tags?post=138771"}],"curies":[{"name":"wp","href":"https:\/\/api.w.org\/{rel}","templated":true}]}}