{"id":138767,"date":"2023-06-05T18:10:01","date_gmt":"2023-06-05T21:10:01","guid":{"rendered":"http:\/\/centraldeportes.com.ar\/?p=36769"},"modified":"2025-02-11T17:23:02","modified_gmt":"2025-02-11T20:23:02","slug":"escasa-presencia-en-la-primera-nacional-solo-jugo-pietrobono","status":"publish","type":"post","link":"https:\/\/cdnoticias.com\/index.php\/2023\/06\/05\/escasa-presencia-en-la-primera-nacional-solo-jugo-pietrobono\/","title":{"rendered":"Escasa presencia en la Primera Nacional: solo jug\u00f3 Pietrobono"},"content":{"rendered":"<p>El arquero de Defensores de Belgrano fue nuevamente la \u00fanica convocatoria local para disputar otra fecha en la segunda categor\u00eda del f\u00fatbol argentino.<!--more--><\/p>\n<hr \/>\n<p>El transcurso de la 19\u00b0 fecha para la Zona A y la 17\u00b0 para la B tuvo escasa participaci\u00f3n de futbolistas olavarrienses durante la nueva jornada de la <strong>Primera Nacional<\/strong>.<\/p>\n<p>&nbsp;<\/p>\n<p>El s\u00e1bado, Agropecuario le gan\u00f3 2 a 1 a Patronato sin la presencia de <strong>Edgardo Maldonado<\/strong> y contin\u00faa como \u00fanico l\u00edder del Grupo A. Por su parte, <strong>Kevin Ceceri<\/strong> no form\u00f3 parte del triunfo 2 a 1 de San Telmo sobre Deportivo Mor\u00f3n ni tampoco <strong>Mauricio Cardillo<\/strong> en el festejo de Nueva Chicago 2 a 0 contra Estudiantes de R\u00edo Cuarto. Tampoco fue citado <strong>Lucio Falasco<\/strong> en Aldosivi.<\/p>\n<p>&nbsp;<\/p>\n<p>Sin embargo, al igual que la fecha pasada, <strong>el \u00fanico olavarriense que tuvo acci\u00f3n fue Ignacio Pietrobono en Defensores de Belgrano<\/strong>. \u201c<strong>Nacho\u201d form\u00f3 parte del once inicial elegido por Mayor<\/strong> y comenz\u00f3 ganando en La Ciudadela, pero San Mart\u00edn de Tucum\u00e1n se lo dio vuelta y se impuso bajo la lluvia por 3 a 1. Con este resultado, el \u201cDrag\u00f3n\u201d encadena tres partidos sin lograr los tres puntos.<\/p>\n<p>&nbsp;<\/p>\n<p><strong><em>Foto: Defensores de Belgrano.<\/em><\/strong><\/p>\n<p>&nbsp;<\/p>\n","protected":false},"excerpt":{"rendered":"<p>El arquero de Defensores de Belgrano fue nuevamente la \u00fanica convocatoria local para disputar otra fecha en la segunda categor\u00eda<\/p>\n","protected":false},"author":96739694,"featured_media":155710,"comment_status":"closed","ping_status":"closed","sticky":false,"template":"","format":"standard","meta":{"_jetpack_memberships_contains_paid_content":false,"footnotes":""},"categories":[35,37,1],"tags":[],"class_list":["post-138767","post","type-post","status-publish","format-standard","has-post-thumbnail","hentry","category-futbol","category-futbol-profesional","category-portada"],"jetpack_featured_media_url":"https:\/\/i0.wp.com\/cdnoticias.com\/wp-content\/uploads\/2023\/06\/Ignacio-Pietrobono-19%C2%B0-Fecha-PN.jpeg?fit=1080%2C669&ssl=1","jetpack_sharing_enabled":true,"_links":{"self":[{"href":"https:\/\/cdnoticias.com\/index.php\/wp-json\/wp\/v2\/posts\/138767","targetHints":{"allow":["GET"]}}],"collection":[{"href":"https:\/\/cdnoticias.com\/index.php\/wp-json\/wp\/v2\/posts"}],"about":[{"href":"https:\/\/cdnoticias.com\/index.php\/wp-json\/wp\/v2\/types\/post"}],"author":[{"embeddable":true,"href":"https:\/\/cdnoticias.com\/index.php\/wp-json\/wp\/v2\/users\/96739694"}],"replies":[{"embeddable":true,"href":"https:\/\/cdnoticias.com\/index.php\/wp-json\/wp\/v2\/comments?post=138767"}],"version-history":[{"count":0,"href":"https:\/\/cdnoticias.com\/index.php\/wp-json\/wp\/v2\/posts\/138767\/revisions"}],"wp:featuredmedia":[{"embeddable":true,"href":"https:\/\/cdnoticias.com\/index.php\/wp-json\/wp\/v2\/media\/155710"}],"wp:attachment":[{"href":"https:\/\/cdnoticias.com\/index.php\/wp-json\/wp\/v2\/media?parent=138767"}],"wp:term":[{"taxonomy":"category","embeddable":true,"href":"https:\/\/cdnoticias.com\/index.php\/wp-json\/wp\/v2\/categories?post=138767"},{"taxonomy":"post_tag","embeddable":true,"href":"https:\/\/cdnoticias.com\/index.php\/wp-json\/wp\/v2\/tags?post=138767"}],"curies":[{"name":"wp","href":"https:\/\/api.w.org\/{rel}","templated":true}]}}