{"id":138762,"date":"2023-06-04T22:14:23","date_gmt":"2023-06-05T01:14:23","guid":{"rendered":"http:\/\/centraldeportes.com.ar\/?p=36743"},"modified":"2025-02-11T17:23:12","modified_gmt":"2025-02-11T20:23:12","slug":"municipales-goleo-en-el-colasurdo-y-se-adelanto-en-la-serie","status":"publish","type":"post","link":"https:\/\/cdnoticias.com\/index.php\/2023\/06\/04\/municipales-goleo-en-el-colasurdo-y-se-adelanto-en-la-serie\/","title":{"rendered":"Municipales gole\u00f3 en el Colasurdo y se adelant\u00f3 en la serie"},"content":{"rendered":"<p>El equipo del sindicato aprovech\u00f3 la contundencia ofensiva del primer tiempo y derrot\u00f3 3 a 0 a Ferro en el partido de ida correspondiente a la primera fase eliminatoria.<!--more--><\/p>\n<hr \/>\n<p>En la tarde de este domingo, se abri\u00f3 el tel\u00f3n de los cruces eliminatorios del Torneo Interligas y en el c\u00e9sped del estadio Domingo Colasurdo, <strong>Ferro recibi\u00f3 a Municipales para disputar los primeros 90 minutos de la serie<\/strong>.<\/p>\n<p>&nbsp;<\/p>\n<p>Con <strong>dos goles de Franco Janson y el restante de Alejandro Bianciotto<\/strong>, al conjunto de \u201cFatiga\u201d Russo le bast\u00f3 lo realizado en el primer tiempo para derrotar<strong> 3 a 0<\/strong> a un elenco \u201cCarbonero\u201d que no fue el mismo de los partidos anteriores y no le supo encontrar nunca la vuelta al partido.<\/p>\n<p>&nbsp;<\/p>\n<h6><strong>El partido, los detalles<\/strong><\/h6>\n<p>&nbsp;<\/p>\n<p>Fue un gran primer tiempo del conjunto sindical. Con una gran labor en la mitad de la cancha neutraliz\u00f3 a Ferro y lo oblig\u00f3 a buscar pelotazos cruzados para generar situaciones de peligro. <strong>Sin embargo, a los 16\u2019 lleg\u00f3 la apertura del marcador por medio de Franco Janson, quien desde un tiro de esquina sobre la izquierda anticip\u00f3 y pein\u00f3 la pelota en el primer palo para adelantar a Municipales<\/strong>.<\/p>\n<p>&nbsp;<\/p>\n<p>[soliloquy id=&#8221;36708&#8243;]<\/p>\n<p>&nbsp;<\/p>\n<p>A pesar del golpe recibido, el \u201cCarbonero\u201d recuper\u00f3 la tenencia del bal\u00f3n y el partido se jug\u00f3 un buen rato en terreno visitante, pero en su mejor momento lleg\u00f3 el segundo grito para los de \u201cFatiga\u201d. <strong>Fue a los 29\u2019 en consecuencia de un excelente contragolpe manejado entre Stular y Janson bien finalizado por Alejandro Bianciotto, quien se tom\u00f3 un tiempo para definir y la coloc\u00f3 en el palo izquierdo para aumentar la diferencia<\/strong>.<\/p>\n<p>&nbsp;<\/p>\n<p>Con un notable remate de media distancia Wilt tuvo el tercero a los 31\u2019, pero Piecenti y el palo se lo negaron. <strong>Pese a ello, el que no perdon\u00f3 y volvi\u00f3 a hacer valer la ley del ex fue Franco Janson a los 38\u2019, que parti\u00f3 habilitado por un pase de Gim\u00e9nez y pate\u00f3 ante la salida del \u201c1\u201d \u201cCarbonero\u201d para el tercer tanto de la tard<\/strong>e.<\/p>\n<p>&nbsp;<\/p>\n<p>El segundo tiempo fue chato, de poco f\u00fatbol y totalmente diferente a lo observado en los primeros 45 minutos. En el af\u00e1n de poder descontar, Ferro no pudo profundizar en sus llegadas al \u00e1rea de Municipales y encontr\u00f3 poco volumen de juego. Asimismo, \u00a0el conjunto visitante empez\u00f3 a sentir el desgaste f\u00edsico, perdi\u00f3 un poco de intensidad y no pudo gravitar como antes, pero en ning\u00fan momento sufri\u00f3 en defensa. La \u00faltima del partido fue para Ferro a los 86\u2019, con un cabezazo de Andreu que gan\u00f3 en el \u00e1rea, pero que pudo retener sin problemas el arquero Bahl.<\/p>\n<p>&nbsp;<\/p>\n<p><strong>S\u00edntesis Ferro Carril Sud \u2013 Municipales: \u00a0<\/strong><\/p>\n<p><strong>Ferro (0):<\/strong> Facundo Piecenti; Santiago S\u00e1enz Buruaga (T. Lindner), Alan Ben\u00edtez, Mateo Tamagnini, Maximiliano Herrera; Iv\u00e1n G\u00f3mez (T. Andreu), Maximiliano Gargaglione, Jonathan Campos (G. Rinc\u00f3n), Emmanuel Sbardolini (L. Lamela); Rodrigo Garro y Gervasio Pelaytay (H. Blanco). DT: Miguel Diorio.<\/p>\n<p><strong>Municipales (3): <\/strong>Gonzalo Bahl; Sergio De Arzave, Alan P\u00e9rez, Carlos Ruschetti, Emiliano Vistalli; Mart\u00edn Wilt (A. M\u00e9ndez), Alen Leal, Franco Janson, Claudio Gim\u00e9nez; Alejandro Bianciotto (A. Baldini) y Joaqu\u00edn Stular. DT: Francisco Russo.<\/p>\n<p><strong>Goles<\/strong>: 16m. PT y 38m. PT Franco Janson y 29m. PT Alejandro Bianciotto (M).<\/p>\n<p><strong>Amonestados<\/strong>: Ben\u00edtez y S\u00e1enz Buruaga (Ferro); Stular, De Arzave, Vistalli y Baldini (Municipales).<\/p>\n<p><strong>Expulsados<\/strong>: 33m. ST Franco Zalazar \u2013 AC \u2013 (FCS).<\/p>\n<p><strong>\u00c1rbitro<\/strong>: Adri\u00e1n Deber. <strong>Estadio<\/strong>: Domingo F. Colasurdo.<\/p>\n","protected":false},"excerpt":{"rendered":"<p>El equipo del sindicato aprovech\u00f3 la contundencia ofensiva del primer tiempo y derrot\u00f3 3 a 0 a Ferro en el<\/p>\n","protected":false},"author":96739694,"featured_media":155723,"comment_status":"closed","ping_status":"closed","sticky":false,"template":"","format":"standard","meta":{"_jetpack_memberships_contains_paid_content":false,"footnotes":""},"categories":[35,1,41],"tags":[],"class_list":["post-138762","post","type-post","status-publish","format-standard","has-post-thumbnail","hentry","category-futbol","category-portada","category-primera-y-reserva"],"jetpack_featured_media_url":"https:\/\/i0.wp.com\/cdnoticias.com\/wp-content\/uploads\/2023\/06\/ferro-muni-16.jpeg?fit=1280%2C854&ssl=1","jetpack_sharing_enabled":true,"_links":{"self":[{"href":"https:\/\/cdnoticias.com\/index.php\/wp-json\/wp\/v2\/posts\/138762","targetHints":{"allow":["GET"]}}],"collection":[{"href":"https:\/\/cdnoticias.com\/index.php\/wp-json\/wp\/v2\/posts"}],"about":[{"href":"https:\/\/cdnoticias.com\/index.php\/wp-json\/wp\/v2\/types\/post"}],"author":[{"embeddable":true,"href":"https:\/\/cdnoticias.com\/index.php\/wp-json\/wp\/v2\/users\/96739694"}],"replies":[{"embeddable":true,"href":"https:\/\/cdnoticias.com\/index.php\/wp-json\/wp\/v2\/comments?post=138762"}],"version-history":[{"count":0,"href":"https:\/\/cdnoticias.com\/index.php\/wp-json\/wp\/v2\/posts\/138762\/revisions"}],"wp:featuredmedia":[{"embeddable":true,"href":"https:\/\/cdnoticias.com\/index.php\/wp-json\/wp\/v2\/media\/155723"}],"wp:attachment":[{"href":"https:\/\/cdnoticias.com\/index.php\/wp-json\/wp\/v2\/media?parent=138762"}],"wp:term":[{"taxonomy":"category","embeddable":true,"href":"https:\/\/cdnoticias.com\/index.php\/wp-json\/wp\/v2\/categories?post=138762"},{"taxonomy":"post_tag","embeddable":true,"href":"https:\/\/cdnoticias.com\/index.php\/wp-json\/wp\/v2\/tags?post=138762"}],"curies":[{"name":"wp","href":"https:\/\/api.w.org\/{rel}","templated":true}]}}