{"id":138759,"date":"2023-06-04T12:53:19","date_gmt":"2023-06-04T15:53:19","guid":{"rendered":"http:\/\/centraldeportes.com.ar\/?p=36697"},"modified":"2025-02-11T17:21:38","modified_gmt":"2025-02-11T20:21:38","slug":"liga-federal-ya-no-hay-olavarrienses-en-competencia","status":"publish","type":"post","link":"https:\/\/cdnoticias.com\/index.php\/2023\/06\/04\/liga-federal-ya-no-hay-olavarrienses-en-competencia\/","title":{"rendered":"Liga Federal: ya no hay olavarrienses en competencia"},"content":{"rendered":"<p>El cruce Interconferencia Noroeste y Litoral enfrent\u00f3 a Centro Bancario y Tokio y fue victoria para el misionero, dejando a Mauricio Pane sin temporada en La Liga Federal.<!--more--><\/p>\n<hr \/>\n<p>No pudo ser para Centro Bancario en y con la serie 2 a 0 a favor de Tokio, Mauricio Pane termin\u00f3 la temporada en el Torneo Federal.<\/p>\n<p>&nbsp;<\/p>\n<p>El equipo de Gualeguay hab\u00eda ca\u00eddo ajustadamente en condici\u00f3n de local por 77 a 75 ante Tokio y estaba obligado a ganar en su primera presentaci\u00f3n en Misiones, pero fue nuevamente victoria para el equipo de la tierra colorada, ahora por 94 a 89 en un duelo que necesit\u00f3 de dos suplementarios para conocer ganador.<\/p>\n<p>&nbsp;<\/p>\n<p>En el \u201cVerde\u201d, Mauricio Pane sum\u00f3 15 puntos, 10 rebotes, 2 asistencias, un recupero y una tapa en el primero de los partidos de Play-Off y en la despedida del certamen marc\u00f3 6 puntos, tom\u00f3 5 rebotes, dio una tapa y recuper\u00f3 una pelota<\/p>\n","protected":false},"excerpt":{"rendered":"<p>El cruce Interconferencia Noroeste y Litoral enfrent\u00f3 a Centro Bancario y Tokio y fue victoria para el misionero, dejando a<\/p>\n","protected":false},"author":96739694,"featured_media":155619,"comment_status":"closed","ping_status":"closed","sticky":false,"template":"","format":"standard","meta":{"_jetpack_memberships_contains_paid_content":false,"footnotes":""},"categories":[31,1,57],"tags":[],"class_list":["post-138759","post","type-post","status-publish","format-standard","has-post-thumbnail","hentry","category-basquet","category-portada","category-torneo-federal"],"jetpack_featured_media_url":"https:\/\/i0.wp.com\/cdnoticias.com\/wp-content\/uploads\/2023\/06\/349180169_1915509245481785_6719257021389257943_n-1.jpg?fit=1225%2C736&ssl=1","jetpack_sharing_enabled":true,"_links":{"self":[{"href":"https:\/\/cdnoticias.com\/index.php\/wp-json\/wp\/v2\/posts\/138759","targetHints":{"allow":["GET"]}}],"collection":[{"href":"https:\/\/cdnoticias.com\/index.php\/wp-json\/wp\/v2\/posts"}],"about":[{"href":"https:\/\/cdnoticias.com\/index.php\/wp-json\/wp\/v2\/types\/post"}],"author":[{"embeddable":true,"href":"https:\/\/cdnoticias.com\/index.php\/wp-json\/wp\/v2\/users\/96739694"}],"replies":[{"embeddable":true,"href":"https:\/\/cdnoticias.com\/index.php\/wp-json\/wp\/v2\/comments?post=138759"}],"version-history":[{"count":0,"href":"https:\/\/cdnoticias.com\/index.php\/wp-json\/wp\/v2\/posts\/138759\/revisions"}],"wp:featuredmedia":[{"embeddable":true,"href":"https:\/\/cdnoticias.com\/index.php\/wp-json\/wp\/v2\/media\/155619"}],"wp:attachment":[{"href":"https:\/\/cdnoticias.com\/index.php\/wp-json\/wp\/v2\/media?parent=138759"}],"wp:term":[{"taxonomy":"category","embeddable":true,"href":"https:\/\/cdnoticias.com\/index.php\/wp-json\/wp\/v2\/categories?post=138759"},{"taxonomy":"post_tag","embeddable":true,"href":"https:\/\/cdnoticias.com\/index.php\/wp-json\/wp\/v2\/tags?post=138759"}],"curies":[{"name":"wp","href":"https:\/\/api.w.org\/{rel}","templated":true}]}}