{"id":138740,"date":"2023-06-01T22:08:50","date_gmt":"2023-06-02T01:08:50","guid":{"rendered":"http:\/\/centraldeportes.com.ar\/?p=36581"},"modified":"2025-02-11T17:22:07","modified_gmt":"2025-02-11T20:22:07","slug":"joaquin-yakiche-jugo-la-tercera-fecha-del-inter-academias","status":"publish","type":"post","link":"https:\/\/cdnoticias.com\/index.php\/2023\/06\/01\/joaquin-yakiche-jugo-la-tercera-fecha-del-inter-academias\/","title":{"rendered":"Joaqu\u00edn Yakiche jug\u00f3 la tercera fecha del Inter Academias"},"content":{"rendered":"<p>Durante lunes y martes en Mendoza, se realiz\u00f3 la tercera fecha del Torneo Inter Academias de la UAR y tuvo nuevamente la presencia de Joaqu\u00edn Yakiche en el combinado de Buenos Aires.<!--more--><\/p>\n<hr \/>\n<p>El rugbier olavarriense fue parte del equipo que venci\u00f3 47-26 al conjunto de Oeste, complet\u00f3 70 minutos y sigue sumando una experiencia \u00fanica entre los mejores jugadores del pa\u00eds.<\/p>\n<p>&nbsp;<\/p>\n<p>La pr\u00f3xima jornada (pen\u00faltima fecha) del torneo Inter Academias 2023 est\u00e1 pautada para el 2 de agosto, y tendr\u00e1 los siguientes cruces: Litoral recibir\u00e1 a Oeste y Buenos Aires se medir\u00e1 con NOA; Centro tendr\u00e1 fecha libre en la competencia.<\/p>\n","protected":false},"excerpt":{"rendered":"<p>Durante lunes y martes en Mendoza, se realiz\u00f3 la tercera fecha del Torneo Inter Academias de la UAR y tuvo<\/p>\n","protected":false},"author":96739694,"featured_media":155658,"comment_status":"closed","ping_status":"closed","sticky":false,"template":"","format":"standard","meta":{"_jetpack_memberships_contains_paid_content":false,"footnotes":""},"categories":[30,1],"tags":[],"class_list":["post-138740","post","type-post","status-publish","format-standard","has-post-thumbnail","hentry","category-polideportivo","category-portada"],"jetpack_featured_media_url":"https:\/\/i0.wp.com\/cdnoticias.com\/wp-content\/uploads\/2023\/06\/350978187_912191326538138_2694067625202462491_n-e1685663163988.jpg?fit=1980%2C1255&ssl=1","jetpack_sharing_enabled":true,"_links":{"self":[{"href":"https:\/\/cdnoticias.com\/index.php\/wp-json\/wp\/v2\/posts\/138740","targetHints":{"allow":["GET"]}}],"collection":[{"href":"https:\/\/cdnoticias.com\/index.php\/wp-json\/wp\/v2\/posts"}],"about":[{"href":"https:\/\/cdnoticias.com\/index.php\/wp-json\/wp\/v2\/types\/post"}],"author":[{"embeddable":true,"href":"https:\/\/cdnoticias.com\/index.php\/wp-json\/wp\/v2\/users\/96739694"}],"replies":[{"embeddable":true,"href":"https:\/\/cdnoticias.com\/index.php\/wp-json\/wp\/v2\/comments?post=138740"}],"version-history":[{"count":0,"href":"https:\/\/cdnoticias.com\/index.php\/wp-json\/wp\/v2\/posts\/138740\/revisions"}],"wp:featuredmedia":[{"embeddable":true,"href":"https:\/\/cdnoticias.com\/index.php\/wp-json\/wp\/v2\/media\/155658"}],"wp:attachment":[{"href":"https:\/\/cdnoticias.com\/index.php\/wp-json\/wp\/v2\/media?parent=138740"}],"wp:term":[{"taxonomy":"category","embeddable":true,"href":"https:\/\/cdnoticias.com\/index.php\/wp-json\/wp\/v2\/categories?post=138740"},{"taxonomy":"post_tag","embeddable":true,"href":"https:\/\/cdnoticias.com\/index.php\/wp-json\/wp\/v2\/tags?post=138740"}],"curies":[{"name":"wp","href":"https:\/\/api.w.org\/{rel}","templated":true}]}}