{"id":138732,"date":"2023-06-01T01:50:37","date_gmt":"2023-06-01T04:50:37","guid":{"rendered":"http:\/\/centraldeportes.com.ar\/?p=36511"},"modified":"2025-02-11T17:20:08","modified_gmt":"2025-02-11T20:20:08","slug":"por-la-minima-diferencia-racing-festejo-y-clasifico-a-la-siguiente-ronda","status":"publish","type":"post","link":"https:\/\/cdnoticias.com\/index.php\/2023\/06\/01\/por-la-minima-diferencia-racing-festejo-y-clasifico-a-la-siguiente-ronda\/","title":{"rendered":"Por la m\u00ednima diferencia, Racing festej\u00f3 y clasific\u00f3 a la siguiente ronda"},"content":{"rendered":"<p>El \u201cChaira\u201d le gan\u00f3 1 a 0 a Sportivo San Cayetano en el Jos\u00e9 Buglione Martinese y a falta de dos fechas sac\u00f3 boleto a la pr\u00f3xima fase del Regional Pampeano.<!--more--><\/p>\n<hr \/>\n<p><strong>La \u201cEstrellita\u201d<\/strong> le dio continuidad a su buen momento y consigui\u00f3 nuevamente un resultado favorable. Este mi\u00e9rcoles por la noche, en el marco de la<strong> 4\u00b0 fecha del Torneo Regional de la Federaci\u00f3n Pampeana<\/strong>, recibi\u00f3 en su casa a un necesitado <strong>Sportivo San Cayetano<\/strong> que lleg\u00f3 al Buglione con la necesidad de ganar o rescatar alg\u00fan punto.<\/p>\n<p>&nbsp;<\/p>\n<p>Sin embargo,<strong> con un golazo de Pablo Mujica durante la primera mitad, Racing destrab\u00f3 las acciones, derrot\u00f3 al \u201cRojo\u201d por 1 a 0 y sac\u00f3 su tercer triunfo en tres presentaciones<\/strong>. Con este resultado, el \u201cChaira\u201d mantiene el liderazgo de la Zona 3 con 9 unidades y se asegur\u00f3 la clasificaci\u00f3n a la siguiente fase.<\/p>\n<p>&nbsp;<\/p>\n<h6><strong>El partido, los detalles<\/strong><\/h6>\n<p>&nbsp;<\/p>\n<p>Si bien fue un primer tiempo parejo y con clar\u00edsimas situaciones de riesgo para ambos equipos, a Racing se le hizo un compromiso trabado y le cost\u00f3 ganar terreno en la mitad de la cancha para imponerse desde la generaci\u00f3n de juego. Para colmo a los 10\u2019 sufri\u00f3 la baja de Rub\u00e9n Tarasco, quien tuvo que abandonar el campo de juego por una molestia (carga muscular).<\/p>\n<p>&nbsp;<\/p>\n<p>A los 8\u2019, en la primera llegada de peligro para Sportivo, Matos salv\u00f3 la ca\u00edda del arco \u201cChaira\u201d con una buena respuesta tras el intento de Garc\u00eda. Veinte minutos m\u00e1s tarde, a los 28\u2019, el equipo de Acquisto se perdi\u00f3 quiz\u00e1 la ocasi\u00f3n m\u00e1s oportuna que tuvo. Con buena triangulaci\u00f3n por izquierda, Casta\u00f1ares recibi\u00f3 bien perfilado de un centro atr\u00e1s por el otro lado y con el arco a su merced mand\u00f3 la pelota afuera pegada al palo derecho.<\/p>\n<p>&nbsp;<\/p>\n<p>[soliloquy id=&#8221;36491&#8243;]<\/p>\n<p>&nbsp;<\/p>\n<h6><strong>El \u201cChaira\u201d lo abri\u00f3 con un golazo<\/strong><\/h6>\n<p>Previo al grito sagrado, en el minuto 28\u2019, Scalia le sac\u00f3 el bal\u00f3n en la l\u00ednea a Pablo Mujica en un buen intento de Racing, pero m\u00e1s tarde el volante ofensivo no perdon\u00f3. <strong>Corr\u00edan 36\u2019 en el cron\u00f3metro cuando traslad\u00f3 hasta tres cuartos de cancha y sac\u00f3 un zurdazo desde afuera del \u00e1rea que se le col\u00f3 por la izquierda a Alarc\u00f3n y le dio la ventaja a los dirigidos por el \u201cChueco\u201d Garc\u00eda Lorenzo<\/strong>.<\/p>\n<p>&nbsp;<\/p>\n<p>Posteriormente, el segundo tiempo se jug\u00f3 bajo una leve bruma que baj\u00f3 al terreno del Buglione y si bien fue bastante accidentado, poco sucedi\u00f3 salvo en el \u00faltimo tramo del per\u00edodo. El \u201cRojo\u201d tuvo la obligaci\u00f3n, pero en ning\u00fan momento preocup\u00f3 al arquero Matos.<\/p>\n<p>&nbsp;<\/p>\n<p>La \u201cEstrellita\u201d cuid\u00f3 el resultado que a prori le serv\u00eda e incluso tuvo la chance de poder aumentar la ventaja nuevamente por medio de Mujica, la figura de la noche. Desde el bander\u00edn derecho, el volante ejecut\u00f3 un tiro de esquina que sobrepas\u00f3 al \u201c1\u201d de Sportivo y el palo le neg\u00f3 lo que pudo haber sido un lindo gol ol\u00edmpico.<\/p>\n<p>&nbsp;<\/p>\n<p>Con la clasificaci\u00f3n asegurada, <strong>Racing descansar\u00e1 en la pr\u00f3xima fecha<\/strong> <strong>y volver\u00e1 a jugar dentro de 15 d\u00edas, en condici\u00f3n de visitante, frente a Velense<\/strong> para cerrar el grupo.<\/p>\n<p>&nbsp;<\/p>\n<p><img data-recalc-dims=\"1\" loading=\"lazy\" decoding=\"async\" class=\"alignnone wp-image-36593 size-full\" src=\"https:\/\/i0.wp.com\/centraldeportes.com.ar\/wp-content\/uploads\/2023\/05\/4%C2%B0-Fecha-Torneo-Regional-Pampeano.png?resize=794%2C211\" alt=\"\" width=\"794\" height=\"211\" \/><\/p>\n<p>&nbsp;<\/p>\n<p><strong>S\u00edntesis Racing \u2013 Sportivo San Cayetano: <\/strong><\/p>\n<p><strong>Racing (1):<\/strong> Jos\u00e9 Matos; Joaqu\u00edn Ayesa, Nicol\u00e1s Grigera, Gonzalo Izaguirre, Ignacio Baldo; Santiago Izaguirre (F. Kolman), Diego Fr\u00edas (M. Scacheri), Mat\u00edas Ordozgoiti (T. Kolman), Diego Garabento; Pablo Mujica y Rub\u00e9n Tarasco (A. Cataldi). DT: David Garc\u00eda Lorenzo.<\/p>\n<p><strong>Sportivo San Cayetano (0): <\/strong>Sim\u00f3n Alarc\u00f3n; Lucas Camacho (G. Pi\u00f1ero), David Lencina, Uriel Scalia, Ian D\u00edaz Burgois; Lautaro Casta\u00f1ares (T. Oron\u00f3), Cristian Rote\u00f1o, Cristian Torres, Mauro Garc\u00eda; Ever Pe\u00f1a (B. Amoroso) y Joaqu\u00edn Gim\u00e9nez. DT: Leonardo Acquisto.<\/p>\n<p><strong>Goles: <\/strong>36m. PT Pablo Mujica (R).<\/p>\n<p><strong>Amonestados:<\/strong> Cataldi, Baldo, Scacheri, Mujica, Ayesa y David Garc\u00eda Lorenzo \u2013 DT \u2013 (Racing); Camacho, Garc\u00eda y Pi\u00f1ero (Sportivo San Cayetano).<\/p>\n<p><strong>Expulsados:<\/strong> No hubo.<\/p>\n<p><strong>\u00c1rbitro:<\/strong> Daniel Quintana (Rauch). <strong>Estadio:<\/strong> Jos\u00e9 Buglione Martinese.<\/p>\n","protected":false},"excerpt":{"rendered":"<p>El \u201cChaira\u201d le gan\u00f3 1 a 0 a Sportivo San Cayetano en el Jos\u00e9 Buglione Martinese y a falta de<\/p>\n","protected":false},"author":96739694,"featured_media":155558,"comment_status":"closed","ping_status":"closed","sticky":false,"template":"","format":"standard","meta":{"_jetpack_memberships_contains_paid_content":false,"footnotes":""},"categories":[35,1,54],"tags":[],"class_list":["post-138732","post","type-post","status-publish","format-standard","has-post-thumbnail","hentry","category-futbol","category-portada","category-torneo-regional-amateur"],"jetpack_featured_media_url":"https:\/\/i0.wp.com\/cdnoticias.com\/wp-content\/uploads\/2023\/05\/rac-cayetano-8.jpeg?fit=1280%2C853&ssl=1","jetpack_sharing_enabled":true,"_links":{"self":[{"href":"https:\/\/cdnoticias.com\/index.php\/wp-json\/wp\/v2\/posts\/138732","targetHints":{"allow":["GET"]}}],"collection":[{"href":"https:\/\/cdnoticias.com\/index.php\/wp-json\/wp\/v2\/posts"}],"about":[{"href":"https:\/\/cdnoticias.com\/index.php\/wp-json\/wp\/v2\/types\/post"}],"author":[{"embeddable":true,"href":"https:\/\/cdnoticias.com\/index.php\/wp-json\/wp\/v2\/users\/96739694"}],"replies":[{"embeddable":true,"href":"https:\/\/cdnoticias.com\/index.php\/wp-json\/wp\/v2\/comments?post=138732"}],"version-history":[{"count":0,"href":"https:\/\/cdnoticias.com\/index.php\/wp-json\/wp\/v2\/posts\/138732\/revisions"}],"wp:featuredmedia":[{"embeddable":true,"href":"https:\/\/cdnoticias.com\/index.php\/wp-json\/wp\/v2\/media\/155558"}],"wp:attachment":[{"href":"https:\/\/cdnoticias.com\/index.php\/wp-json\/wp\/v2\/media?parent=138732"}],"wp:term":[{"taxonomy":"category","embeddable":true,"href":"https:\/\/cdnoticias.com\/index.php\/wp-json\/wp\/v2\/categories?post=138732"},{"taxonomy":"post_tag","embeddable":true,"href":"https:\/\/cdnoticias.com\/index.php\/wp-json\/wp\/v2\/tags?post=138732"}],"curies":[{"name":"wp","href":"https:\/\/api.w.org\/{rel}","templated":true}]}}