{"id":138723,"date":"2023-05-30T20:40:14","date_gmt":"2023-05-30T23:40:14","guid":{"rendered":"http:\/\/centraldeportes.com.ar\/?p=36447"},"modified":"2025-02-11T17:20:19","modified_gmt":"2025-02-11T20:20:19","slug":"contento-por-los-goles-es-una-alegria-inmensa-ayudar-a-mis-companeros","status":"publish","type":"post","link":"https:\/\/cdnoticias.com\/index.php\/2023\/05\/30\/contento-por-los-goles-es-una-alegria-inmensa-ayudar-a-mis-companeros\/","title":{"rendered":"\u201cContento por los goles, es una alegr\u00eda inmensa ayudar a mis compa\u00f1eros\u201d"},"content":{"rendered":"<p>Sostuvo Marcelo P\u00e9rez, autor de los dos goles en el triunfo de Sierra Chica sobre Espigas por la \u00faltima fecha del Torneo Interligas.<!--more--><\/p>\n<hr \/>\n<p>El desenlace de la Zona 6 se vivi\u00f3 de manera vibrante el pasado domingo y lo ocurrido en el c\u00e9sped del <strong>Pedro Iriart Legorburu<\/strong> no fue la excepci\u00f3n. Adem\u00e1s de esperar el resultado de San Jorge \u2013 Hinojo, <a href=\"http:\/\/centraldeportes.com.ar\/sierra-chica-gano-y-avanzo-a-la-siguiente-ronda-del-interligas\/\">Sierra Chica necesitaba sumar de a tres y lo pudo hacer<\/a> <strong>con los goles de Marcelo P\u00e9rez, quien ven\u00eda con un notable nivel en Reserva y brind\u00f3 una mano muy grande en Primera Divisi\u00f3n<\/strong>.<\/p>\n<p>&nbsp;<\/p>\n<p>\u201c<em>Por suerte se nos dio en un partido que fue muy trabado.<strong> Ten\u00edamos que ganar y lo hicimos<\/strong><\/em>\u201d, coment\u00f3 en primer t\u00e9rmino una vez consumado el partido.<\/p>\n<p>&nbsp;<\/p>\n<p>La figura de la tarde analiz\u00f3 el triunfo contra Espigas: \u201c<strong><em>Fuimos contundentes<\/em><\/strong>\u201d, manifest\u00f3 por un lado y luego continu\u00f3: \u201c<em>En el primer tiempo ellos aprovecharon un rebote para llegar al gol, pero <strong>lo supimos recuperar y en el segundo tiempo atacamos con todo para buscar el resultado<\/strong><\/em>\u201d.<\/p>\n<p>&nbsp;<\/p>\n<p>&nbsp;<\/p>\n<p><img data-recalc-dims=\"1\" loading=\"lazy\" decoding=\"async\" class=\"alignnone wp-image-36451 \" src=\"https:\/\/i0.wp.com\/centraldeportes.com.ar\/wp-content\/uploads\/2023\/05\/Marcelo-P%C3%A9rez-Sierra-Chica1-1.jpeg?resize=786%2C524\" alt=\"\" width=\"786\" height=\"524\" \/><\/p>\n<p>&nbsp;<\/p>\n<p>P\u00e9rez fue fundamental en las \u00faltimas dos fechas. Gol contra Ingeniero Newbery y doblete contra el \u201cVerdirrojo\u201d: \u201c<strong><em>Contento por los goles que se me dan, vengo trabajando hace mucho y es una alegr\u00eda inmensa ayudar a mis compa\u00f1eros<\/em><\/strong>\u201d.<\/p>\n<p>&nbsp;<\/p>\n<p>Finalmente, el festejo del pasado domingo le sirvi\u00f3 a Sierra Chica porque clasific\u00f3 a la siguiente ronda del campeonato como uno de los mejores quintos y ahora enfrentar\u00e1 a Loma Negra: \u201c<strong><em>Tuvimos un buen arranque en el torneo, pero despu\u00e9s bajamos un poco. Ahora en los mata-mata es totalmente diferente<\/em><\/strong>\u201d, finaliz\u00f3.<\/p>\n<p>&nbsp;<\/p>\n<p><em><strong>Fotos: Gentileza de Kevin Romero Fotograf\u00eda<\/strong><\/em><strong>s.<\/strong><\/p>\n","protected":false},"excerpt":{"rendered":"<p>Sostuvo Marcelo P\u00e9rez, autor de los dos goles en el triunfo de Sierra Chica sobre Espigas por la \u00faltima fecha<\/p>\n","protected":false},"author":96739694,"featured_media":155578,"comment_status":"closed","ping_status":"closed","sticky":false,"template":"","format":"standard","meta":{"_jetpack_memberships_contains_paid_content":false,"footnotes":""},"categories":[35,1,41],"tags":[],"class_list":["post-138723","post","type-post","status-publish","format-standard","has-post-thumbnail","hentry","category-futbol","category-portada","category-primera-y-reserva"],"jetpack_featured_media_url":"https:\/\/i0.wp.com\/cdnoticias.com\/wp-content\/uploads\/2023\/05\/Marcelo-P%C3%A9rez-Sierra-Chica.jpeg?fit=1600%2C1015&ssl=1","jetpack_sharing_enabled":true,"_links":{"self":[{"href":"https:\/\/cdnoticias.com\/index.php\/wp-json\/wp\/v2\/posts\/138723","targetHints":{"allow":["GET"]}}],"collection":[{"href":"https:\/\/cdnoticias.com\/index.php\/wp-json\/wp\/v2\/posts"}],"about":[{"href":"https:\/\/cdnoticias.com\/index.php\/wp-json\/wp\/v2\/types\/post"}],"author":[{"embeddable":true,"href":"https:\/\/cdnoticias.com\/index.php\/wp-json\/wp\/v2\/users\/96739694"}],"replies":[{"embeddable":true,"href":"https:\/\/cdnoticias.com\/index.php\/wp-json\/wp\/v2\/comments?post=138723"}],"version-history":[{"count":0,"href":"https:\/\/cdnoticias.com\/index.php\/wp-json\/wp\/v2\/posts\/138723\/revisions"}],"wp:featuredmedia":[{"embeddable":true,"href":"https:\/\/cdnoticias.com\/index.php\/wp-json\/wp\/v2\/media\/155578"}],"wp:attachment":[{"href":"https:\/\/cdnoticias.com\/index.php\/wp-json\/wp\/v2\/media?parent=138723"}],"wp:term":[{"taxonomy":"category","embeddable":true,"href":"https:\/\/cdnoticias.com\/index.php\/wp-json\/wp\/v2\/categories?post=138723"},{"taxonomy":"post_tag","embeddable":true,"href":"https:\/\/cdnoticias.com\/index.php\/wp-json\/wp\/v2\/tags?post=138723"}],"curies":[{"name":"wp","href":"https:\/\/api.w.org\/{rel}","templated":true}]}}