{"id":138712,"date":"2023-05-29T08:01:37","date_gmt":"2023-05-29T11:01:37","guid":{"rendered":"http:\/\/centraldeportes.com.ar\/?p=36385"},"modified":"2023-05-29T08:01:37","modified_gmt":"2023-05-29T11:01:37","slug":"el-torneo-interligas-finalizo-la-fase-de-grupos-resultados-goles-y-clasificados-2","status":"publish","type":"post","link":"https:\/\/cdnoticias.com\/index.php\/2023\/05\/29\/el-torneo-interligas-finalizo-la-fase-de-grupos-resultados-goles-y-clasificados-2\/","title":{"rendered":"El Torneo Interligas finaliz\u00f3 la Fase de Grupos: resultados, goles y clasificados"},"content":{"rendered":"<p>En un domingo repleto de f\u00fatbol que se vivi\u00f3 de manera vibrante por la definici\u00f3n, el campeonato 2023 organizado por la Uni\u00f3n Deportiva Regional disput\u00f3 la 14\u00b0 fecha de la primera ronda casi en su totalidad y solo falta un pendiente.<!--more--><\/p>\n<hr \/>\n<p>El <strong>certamen que re\u00fane a los equipos de las<\/strong> <strong>ligas de Olavarr\u00eda, Azul, Bol\u00edvar y Laprida<\/strong> disput\u00f3 este domingo diecinueve de los veinte cruces correspondientes a la \u00faltima fecha de la Fase de Grupos. Solo queda por jugarse el duelo entre Alumni de Azul y Ciudad de Bol\u00edvar que ser\u00e1 este lunes por la noche.<\/p>\n<p>&nbsp;<\/p>\n<p>Hubo acci\u00f3n en simult\u00e1neo desde distintas canchas de la Regi\u00f3n y una vez finalizada la jornada <strong>se concret\u00f3 la clasificaci\u00f3n de diez equipos olavarrienses<\/strong>. <strong>Racing<\/strong> gan\u00f3, se benefici\u00f3 de la derrota del &#8220;Bata&#8221; en Daireaux y clasific\u00f3 como cabeza de grupo al igual que <strong>El Fort\u00edn, Embajadores e Hinojo<\/strong>. Todos saltean los primeros cruces eliminatorios.<\/p>\n<p>&nbsp;<\/p>\n<p>Por otro lado, <strong>Ferro<\/strong> logr\u00f3 la victoria que necesitaba al igual que <strong>Sierra Chica y San Mart\u00edn<\/strong>, que entraron como los dos mejores quintos por promedios. Los tres se sumaron a los ya clasificados <strong>Municipales, Loma Negra y Estudiantes<\/strong>.<\/p>\n<p>&nbsp;<\/p>\n<p>Asimismo, la primera ronda eliminatoria del campeonato se jugar\u00e1 mediante cercan\u00eda geogr\u00e1fica por ende habr\u00e1 choques entre olavarrienses. <strong>Aunque todav\u00eda resta la confirmaci\u00f3n oficial, los enfrentamientos ser\u00edan entre Municipales \u2013 Sierra Chica, Estudiantes \u2013 San Mart\u00edn y Loma Negra \u2013 Ferro Carril Sud<\/strong>.<\/p>\n<p>&nbsp;<\/p>\n<figure id=\"attachment_36388\" aria-describedby=\"caption-attachment-36388\" style=\"width: 1600px\" class=\"wp-caption alignnone\"><img data-recalc-dims=\"1\" loading=\"lazy\" decoding=\"async\" class=\"wp-image-36388 size-full\" src=\"https:\/\/i0.wp.com\/centraldeportes.com.ar\/wp-content\/uploads\/2023\/05\/Espigas-vs-Sierra-Chica-14%C2%B0-fecha-Interligas3.jpeg?resize=800%2C450\" alt=\"\" width=\"800\" height=\"450\" \/><figcaption id=\"caption-attachment-36388\" class=\"wp-caption-text\">Cr\u00e9dito: Kevin Romero Fotograf\u00edas<\/figcaption><\/figure>\n<p>&nbsp;<\/p>\n<p><em><strong>Foto: Fotograf\u00edas Verito.<\/strong><\/em><\/p>\n<hr \/>\n<p><strong>Resultados:<\/strong><\/p>\n<p>&nbsp;<\/p>\n<h6>En Primera<\/h6>\n<p>&nbsp;<\/p>\n<h6><strong>Zona 1:<\/strong><\/h6>\n<p><strong>Bull Dog<\/strong> (Lautaro Barros y Joaqu\u00edn Encalado)<strong> 2 \u2013 1 Estudiantes<\/strong> (Ram\u00f3n Galotti)<\/p>\n<p><strong>Atl\u00e9tico Urdampilleta<\/strong> (Cristian Cabrera Br\u00edtez, Lorenzo Soler y Facundo Iriarte) <strong>3 \u2013 1 Casariego<\/strong><\/p>\n<p><strong>Racing (Olavarr\u00eda)<\/strong> (Rub\u00e9n Tarasco)<strong> 1 \u2013 0 Bancario<\/strong><\/p>\n<p><strong>Clasificados:<\/strong>\u00a0Racing, Estudiantes, Bancario y Bull Dog.<\/p>\n<p>&nbsp;<\/p>\n<p><img data-recalc-dims=\"1\" loading=\"lazy\" decoding=\"async\" class=\"alignnone wp-image-36391 size-full\" src=\"https:\/\/i0.wp.com\/centraldeportes.com.ar\/wp-content\/uploads\/2023\/05\/14%C2%B0-Fecha-Primera-Posiciones-Zona-1.png?resize=790%2C328\" alt=\"\" width=\"790\" height=\"328\" \/><\/p>\n<p>&nbsp;<\/p>\n<h6><strong>Zona 2:<\/strong><\/h6>\n<p><strong>Balonpi\u00e9<\/strong> (Facundo Sierra) <strong>2 \u2013 1 V\u00e9lez<\/strong> (Juan Sim\u00f3n Puente)<\/p>\n<p>Alumni (Azul) \u2013 Ciudad de Bol\u00edvar (<strong>Se juega este lunes a las 20:00 horas<\/strong>)<\/p>\n<p><strong>Azul Athletic<\/strong> (Cuartas) <strong>1 \u2013 2 Boca<\/strong> (Errobidart y Federico Albisini)<\/p>\n<p>Libre: River.<\/p>\n<p><strong>Clasificados:\u00a0<\/strong>Ciudad de Bol\u00edvar, Balonpi\u00e9, Alumni (Azul) y V\u00e9lez.<\/p>\n<p>&nbsp;<\/p>\n<p>&nbsp;<\/p>\n<p><img data-recalc-dims=\"1\" loading=\"lazy\" decoding=\"async\" class=\"alignnone wp-image-36594 size-full\" src=\"https:\/\/i0.wp.com\/centraldeportes.com.ar\/wp-content\/uploads\/2023\/05\/14%C2%B0-Fecha-Primera-Posiciones-Zona-2-1.png?resize=788%2C366\" alt=\"\" width=\"788\" height=\"366\" \/><\/p>\n<p>&nbsp;<\/p>\n<h6><strong>Zona 3:<\/strong><\/h6>\n<p><strong>El Fort\u00edn 0 \u2013 0 San Jos\u00e9<\/strong><\/p>\n<p><strong>Estrellas de Juventud 0 \u2013 1 Ferro Carril Sud<\/strong> (Diego San Juli\u00e1n)<\/p>\n<p><strong>Independiente (Bol\u00edvar)<\/strong> (Alejandro Videla y Alan Chazarreta) <strong>2 \u2013 4 Sportivo Piazza<\/strong> (Ram\u00f3n S\u00e1nchez -2-, Braian Carrizo y Jes\u00fas G\u00f3mez)<\/p>\n<p>Libre: Empleados de Comercio.<\/p>\n<p><strong>Clasificados:\u00a0<\/strong>El Fort\u00edn, Sportivo Piazza, San Jos\u00e9 y Ferro Carril Sud.<\/p>\n<p>&nbsp;<\/p>\n<p><img data-recalc-dims=\"1\" loading=\"lazy\" decoding=\"async\" class=\"alignnone wp-image-36393 size-full\" src=\"https:\/\/i0.wp.com\/centraldeportes.com.ar\/wp-content\/uploads\/2023\/05\/14%C2%B0-Fecha-Primera-Posiciones-Zona-3.png?resize=787%2C376\" alt=\"\" width=\"787\" height=\"376\" \/><\/p>\n<p>&nbsp;<\/p>\n<h6><strong>Zona 4:<\/strong><\/h6>\n<p><strong>Embajadores<\/strong> (Luciano Rojas, Santino Sacchi, Nicol\u00e1s Daffara, Juan Cruz Areco y Maximiliano Barrag\u00e1n) <strong>5 \u2013 1 Sarmiento (Tapalqu\u00e9)<\/strong> (Juan Gallardo)<\/p>\n<p><strong>Cemento Armado<\/strong> (Joaqu\u00edn Ponce y Lucas Zaffora)<strong> 2 \u2013 0 Luj\u00e1n<\/strong><\/p>\n<p><strong>Atl\u00e9tico Tapalqu\u00e9<\/strong> (Bedoya Ruiz)<strong> 1 \u2013 2 Chacarita<\/strong> (Marcelo Miglino y Joaqu\u00edn Guti\u00e9rrez)<\/p>\n<p>Libre: Porte\u00f1o.<\/p>\n<p><strong>Clasificados:<\/strong> Embajadores, Chacarita, Sarmiento (Tapalqu\u00e9) y Cemento Armado.<\/p>\n<p>&nbsp;<\/p>\n<p><img data-recalc-dims=\"1\" loading=\"lazy\" decoding=\"async\" class=\"alignnone wp-image-36394 size-full\" src=\"https:\/\/i0.wp.com\/centraldeportes.com.ar\/wp-content\/uploads\/2023\/05\/14%C2%B0-Fecha-Primera-Posiciones-Zona-4.png?resize=784%2C366\" alt=\"\" width=\"784\" height=\"366\" \/><\/p>\n<p>&nbsp;<\/p>\n<h6><strong>Zona 5:<\/strong><\/h6>\n<p><strong>Lil\u00e1n<\/strong> (Braian Rodr\u00edguez) <strong>1 \u2013 0 Independiente (Chillar)<\/strong><\/p>\n<p><strong>Municipales<\/strong> (Joaqu\u00edn Stular, Alejandro Bianciotto -2-, Sergio De Arzave, Diego Ca\u00f1ete -2-, Agust\u00edn Baldini y Franco Janson)<strong> 8 \u2013 1 Platense<\/strong> (Francisco Rimoldi)<\/p>\n<p><strong>Loma Negra 0 \u2013 3 Jorge Newbery<\/strong> (Ricardo Regalado -3-)<\/p>\n<p><strong>Juventud 0 \u2013 2 San Mart\u00edn<\/strong> (Franco Vales e Iv\u00e1n Leal)<\/p>\n<p><strong>Clasificados:<\/strong> Lil\u00e1n, Municipales, Jorge Newbery, Loma Negra y San Mart\u00edn.<\/p>\n<p>&nbsp;<\/p>\n<p><img data-recalc-dims=\"1\" loading=\"lazy\" decoding=\"async\" class=\"alignnone wp-image-36395 size-full\" src=\"https:\/\/i0.wp.com\/centraldeportes.com.ar\/wp-content\/uploads\/2023\/05\/14%C2%B0-Fecha-Primera-Posiciones-Zona-5.png?resize=784%2C405\" alt=\"\" width=\"784\" height=\"405\" \/><\/p>\n<p>&nbsp;<\/p>\n<h6><strong>Zona 6:<\/strong><\/h6>\n<p><strong>Deportivo Barracas<\/strong> (Agust\u00edn Marconi) <strong>1 \u2013 2 Racing (La Madrid)<\/strong> (Francisco G\u00f3mez y Rodrigo Orellano e\/c)<\/p>\n<p><strong>San Jorge 0 \u2013 2 Hinojo<\/strong> (Lucas Montoya y Franco Hammerschmidt)<\/p>\n<p><strong>Ingeniero Newbery<\/strong> (Diego Popp) <strong>1 \u2013 2 Alumni (Benito Ju\u00e1rez)<\/strong> (Tom\u00e1s D\u00edaz y Nicol\u00e1s Binderup)<\/p>\n<p><a href=\"http:\/\/centraldeportes.com.ar\/sierra-chica-gano-y-avanzo-a-la-siguiente-ronda-del-interligas\/\"><strong>Espigas<\/strong> (Nicol\u00e1s Sotelo)<strong> 1 \u2013 2 Sierra Chica<\/strong> (Marcelo P\u00e9rez -2-)<\/a><\/p>\n<p><strong>Clasificados:<\/strong> Hinojo, Racing (La Madrid), Deportivo Barracas, Alumni (Benito Ju\u00e1rez) y Sierra Chica.<\/p>\n<p>&nbsp;<\/p>\n<p><img data-recalc-dims=\"1\" loading=\"lazy\" decoding=\"async\" class=\"alignnone wp-image-36396 size-full\" src=\"https:\/\/i0.wp.com\/centraldeportes.com.ar\/wp-content\/uploads\/2023\/05\/14%C2%B0-Fecha-Primera-Posiciones-Zona-6.png?resize=789%2C403\" alt=\"\" width=\"789\" height=\"403\" \/><\/p>\n<hr \/>\n<h6>En Reserva:<\/h6>\n<p>&nbsp;<\/p>\n<h6><strong>Zona 1:<\/strong><\/h6>\n<p>Bull Dog <strong>2 \u2013 4<\/strong> Estudiantes<\/p>\n<p>Atl\u00e9tico Urdampilleta <strong>4 \u2013 0<\/strong> Casariego<\/p>\n<p>Racing (Olavarr\u00eda)<strong> 4 \u2013 0<\/strong> Bancario<\/p>\n<p><strong>Clasificados:<\/strong> Estudiantes y Racing.<\/p>\n<p>&nbsp;<\/p>\n<p><img data-recalc-dims=\"1\" loading=\"lazy\" decoding=\"async\" class=\"alignnone wp-image-36398 size-full\" src=\"https:\/\/i0.wp.com\/centraldeportes.com.ar\/wp-content\/uploads\/2023\/05\/14%C2%B0-Fecha-Reserva-Posiciones-Zona-1.png?resize=791%2C327\" alt=\"\" width=\"791\" height=\"327\" \/><\/p>\n<p>&nbsp;<\/p>\n<h6><strong>Zona 2:<\/strong><\/h6>\n<p>Balonpi\u00e9 <strong>3 \u2013 2<\/strong> V\u00e9lez<\/p>\n<p>Azul Athletic <strong>2 \u2013 3<\/strong> Boca<\/p>\n<p>Libre: River y Alumni (Azul).<\/p>\n<p><strong>Clasificados:<\/strong> Alumni (Azul) y Boca.<\/p>\n<p>&nbsp;<\/p>\n<p><img data-recalc-dims=\"1\" loading=\"lazy\" decoding=\"async\" class=\"alignnone wp-image-36399 size-full\" src=\"https:\/\/i0.wp.com\/centraldeportes.com.ar\/wp-content\/uploads\/2023\/05\/14%C2%B0-Fecha-Reserva-Posiciones-Zona-2.png?resize=792%2C328\" alt=\"\" width=\"792\" height=\"328\" \/><\/p>\n<p>&nbsp;<\/p>\n<h6><strong>Zona 3:<\/strong><\/h6>\n<p>El Fort\u00edn <strong>2 \u2013 0<\/strong> San Jos\u00e9<\/p>\n<p>Estrellas de Juventud <strong>2 \u2013 2<\/strong> Ferro Carril Sud<\/p>\n<p>Independiente (Bol\u00edvar) <strong>0 \u2013 3<\/strong> Sportivo Piazza<\/p>\n<p>Libre: Empleados de Comercio.<\/p>\n<p><strong>Clasificados:<\/strong> El Fort\u00edn y Ferro Carril Sud.<\/p>\n<p>&nbsp;<\/p>\n<p><img data-recalc-dims=\"1\" loading=\"lazy\" decoding=\"async\" class=\"alignnone wp-image-36400 size-full\" src=\"https:\/\/i0.wp.com\/centraldeportes.com.ar\/wp-content\/uploads\/2023\/05\/14%C2%B0-Fecha-Reserva-Posiciones-Zona-3.png?resize=788%2C375\" alt=\"\" width=\"788\" height=\"375\" \/><\/p>\n<p>&nbsp;<\/p>\n<h6><strong>Zona 4:<\/strong><\/h6>\n<p>Embajadores<strong> 7 \u2013 2<\/strong> Sarmiento (Tapalqu\u00e9)<\/p>\n<p>Cemento Armado <strong>3 \u2013 0<\/strong> Luj\u00e1n<\/p>\n<p>Atl\u00e9tico Tapalqu\u00e9 <strong>0 \u2013 4<\/strong> Chacarita<\/p>\n<p>Libre: Porte\u00f1o.<\/p>\n<p><strong>Clasificados:<\/strong> Embajadores y Chacarita.<\/p>\n<p>&nbsp;<\/p>\n<p><img data-recalc-dims=\"1\" loading=\"lazy\" decoding=\"async\" class=\"alignnone wp-image-36401 size-full\" src=\"https:\/\/i0.wp.com\/centraldeportes.com.ar\/wp-content\/uploads\/2023\/05\/14%C2%B0-Fecha-Reserva-Posiciones-Zona-4.png?resize=785%2C364\" alt=\"\" width=\"785\" height=\"364\" \/><\/p>\n<p>&nbsp;<\/p>\n<h6><strong>Zona 5:<\/strong><\/h6>\n<p>Lil\u00e1n <strong>3 \u2013 1<\/strong> Independiente (Chillar)<\/p>\n<p>Municipales <strong>3 \u2013 0<\/strong> Platense<\/p>\n<p>Loma Negra <strong>2 \u2013 5<\/strong> Jorge Newbery<\/p>\n<p>Juventud <strong>3 \u2013 2<\/strong> San Mart\u00edn<\/p>\n<p><strong>Clasificados:<\/strong> Lil\u00e1n, Municipales, Independiente (Chillar) y San Mart\u00edn.<\/p>\n<p>&nbsp;<\/p>\n<p><img data-recalc-dims=\"1\" loading=\"lazy\" decoding=\"async\" class=\"alignnone wp-image-36402 size-full\" src=\"https:\/\/i0.wp.com\/centraldeportes.com.ar\/wp-content\/uploads\/2023\/05\/14%C2%B0-Fecha-Reserva-Posiciones-Zona-5.png?resize=788%2C415\" alt=\"\" width=\"788\" height=\"415\" \/><\/p>\n<p>&nbsp;<\/p>\n<h6><strong>Zona 6:<\/strong><\/h6>\n<p>Deportivo Barracas <strong>0 \u2013 3<\/strong> Racing (La Madrid)<\/p>\n<p>San Jorge <strong>2 \u2013 4<\/strong> Hinojo<\/p>\n<p>Ingeniero Newbery <strong>3 \u2013 1<\/strong> Alumni (Benito Ju\u00e1rez)<\/p>\n<p>Espigas <strong>0 \u2013 1<\/strong> Sierra Chica<\/p>\n<p><strong>Clasificados:<\/strong> Racing (La Madrid), Deportivo Barracas, Hinojo e Ingeniero Newbery.<\/p>\n<p>&nbsp;<\/p>\n<p><img data-recalc-dims=\"1\" loading=\"lazy\" decoding=\"async\" class=\"alignnone wp-image-36403 size-full\" src=\"https:\/\/i0.wp.com\/centraldeportes.com.ar\/wp-content\/uploads\/2023\/05\/14%C2%B0-Fecha-Reserva-Posiciones-Zona-6.png?resize=788%2C405\" alt=\"\" width=\"788\" height=\"405\" \/><\/p>\n","protected":false},"excerpt":{"rendered":"<p>En un domingo repleto de f\u00fatbol que se vivi\u00f3 de manera vibrante por la definici\u00f3n, el campeonato 2023 organizado por<\/p>\n","protected":false},"author":96739695,"featured_media":36386,"comment_status":"closed","ping_status":"closed","sticky":false,"template":"","format":"standard","meta":{"_jetpack_memberships_contains_paid_content":false,"footnotes":""},"categories":[35,1,41],"tags":[],"class_list":["post-138712","post","type-post","status-publish","format-standard","has-post-thumbnail","hentry","category-futbol","category-portada","category-primera-y-reserva"],"jetpack_featured_media_url":"","jetpack_sharing_enabled":true,"_links":{"self":[{"href":"https:\/\/cdnoticias.com\/index.php\/wp-json\/wp\/v2\/posts\/138712","targetHints":{"allow":["GET"]}}],"collection":[{"href":"https:\/\/cdnoticias.com\/index.php\/wp-json\/wp\/v2\/posts"}],"about":[{"href":"https:\/\/cdnoticias.com\/index.php\/wp-json\/wp\/v2\/types\/post"}],"author":[{"embeddable":true,"href":"https:\/\/cdnoticias.com\/index.php\/wp-json\/wp\/v2\/users\/96739695"}],"replies":[{"embeddable":true,"href":"https:\/\/cdnoticias.com\/index.php\/wp-json\/wp\/v2\/comments?post=138712"}],"version-history":[{"count":0,"href":"https:\/\/cdnoticias.com\/index.php\/wp-json\/wp\/v2\/posts\/138712\/revisions"}],"wp:featuredmedia":[{"embeddable":true,"href":"https:\/\/cdnoticias.com\/index.php\/wp-json\/"}],"wp:attachment":[{"href":"https:\/\/cdnoticias.com\/index.php\/wp-json\/wp\/v2\/media?parent=138712"}],"wp:term":[{"taxonomy":"category","embeddable":true,"href":"https:\/\/cdnoticias.com\/index.php\/wp-json\/wp\/v2\/categories?post=138712"},{"taxonomy":"post_tag","embeddable":true,"href":"https:\/\/cdnoticias.com\/index.php\/wp-json\/wp\/v2\/tags?post=138712"}],"curies":[{"name":"wp","href":"https:\/\/api.w.org\/{rel}","templated":true}]}}