{"id":138702,"date":"2023-05-27T18:06:27","date_gmt":"2023-05-27T21:06:27","guid":{"rendered":"http:\/\/centraldeportes.com.ar\/?p=36338"},"modified":"2025-02-11T17:19:26","modified_gmt":"2025-02-11T20:19:26","slug":"lucas-diaz-aspiroz-compitio-en-el-mundial-de-padel-adaptado","status":"publish","type":"post","link":"https:\/\/cdnoticias.com\/index.php\/2023\/05\/27\/lucas-diaz-aspiroz-compitio-en-el-mundial-de-padel-adaptado\/","title":{"rendered":"Lucas D\u00edaz Aspiroz compiti\u00f3 en el mundial de p\u00e1del adaptado"},"content":{"rendered":"<p>El deportista olavarriense integr\u00f3 el equipo de la Selecci\u00f3n Argentina en el campeonato mundial de p\u00e1del celebrado en Espa\u00f1a.<!--more--><\/p>\n<hr \/>\n<p>El pasado 15 de mayo, en Madrid, se llev\u00f3 a cabo el <strong>mundial de p\u00e1del en Sillas de Ruedas<\/strong> que tuvo la participaci\u00f3n de un deportista olavarriense. Se trata del ex palista <strong>Lucas D\u00edaz Aspiroz<\/strong>, quien form\u00f3 parte de la Selecci\u00f3n Argentina en el certamen.<\/p>\n<p>&nbsp;<\/p>\n<p>Durante el transcurso de la competencia,<strong> el combinado nacional finaliz\u00f3 cuarto tras caer en semifinales contra Francia<\/strong>. En paralelo, el representativo \u201cGalo\u201d cedi\u00f3 en la final frente a los anfitriones Espa\u00f1a, Selecci\u00f3n que se qued\u00f3 con el t\u00edtulo.<\/p>\n<p>&nbsp;<\/p>\n<p>Luego del campeonato mundial, <strong>Aspiroz y el elenco \u201cAlbiceleste\u201d arribaron a Valladolid y jugaron un torneo nacional con la idea de adquirir experiencia<\/strong> para futuros eventos internacionales.<\/p>\n<p>&nbsp;<\/p>\n<p>Asimismo en el d\u00eda a d\u00eda, <strong>el deportista local se encuentra entrenando en las instalaciones de Federico Chingotto<\/strong> y resalt\u00f3 la importancia del desarrollo de los nuevos deportes adaptados para que se visibilicen y fomenten m\u00e1s espacios recreativos en distintos puntos como en nuestra ciudad.<\/p>\n","protected":false},"excerpt":{"rendered":"<p>El deportista olavarriense integr\u00f3 el equipo de la Selecci\u00f3n Argentina en el campeonato mundial de p\u00e1del celebrado en Espa\u00f1a.<\/p>\n","protected":false},"author":96739694,"featured_media":155514,"comment_status":"closed","ping_status":"closed","sticky":false,"template":"","format":"standard","meta":{"_jetpack_memberships_contains_paid_content":false,"footnotes":""},"categories":[30,1],"tags":[],"class_list":["post-138702","post","type-post","status-publish","format-standard","has-post-thumbnail","hentry","category-polideportivo","category-portada"],"jetpack_featured_media_url":"https:\/\/i0.wp.com\/cdnoticias.com\/wp-content\/uploads\/2023\/05\/Lucas-D%C3%ADaz-Aspiroz-Selecci%C3%B3n-de-P%C3%A1del-Adaptado1.jpg?fit=640%2C397&ssl=1","jetpack_sharing_enabled":true,"_links":{"self":[{"href":"https:\/\/cdnoticias.com\/index.php\/wp-json\/wp\/v2\/posts\/138702","targetHints":{"allow":["GET"]}}],"collection":[{"href":"https:\/\/cdnoticias.com\/index.php\/wp-json\/wp\/v2\/posts"}],"about":[{"href":"https:\/\/cdnoticias.com\/index.php\/wp-json\/wp\/v2\/types\/post"}],"author":[{"embeddable":true,"href":"https:\/\/cdnoticias.com\/index.php\/wp-json\/wp\/v2\/users\/96739694"}],"replies":[{"embeddable":true,"href":"https:\/\/cdnoticias.com\/index.php\/wp-json\/wp\/v2\/comments?post=138702"}],"version-history":[{"count":0,"href":"https:\/\/cdnoticias.com\/index.php\/wp-json\/wp\/v2\/posts\/138702\/revisions"}],"wp:featuredmedia":[{"embeddable":true,"href":"https:\/\/cdnoticias.com\/index.php\/wp-json\/wp\/v2\/media\/155514"}],"wp:attachment":[{"href":"https:\/\/cdnoticias.com\/index.php\/wp-json\/wp\/v2\/media?parent=138702"}],"wp:term":[{"taxonomy":"category","embeddable":true,"href":"https:\/\/cdnoticias.com\/index.php\/wp-json\/wp\/v2\/categories?post=138702"},{"taxonomy":"post_tag","embeddable":true,"href":"https:\/\/cdnoticias.com\/index.php\/wp-json\/wp\/v2\/tags?post=138702"}],"curies":[{"name":"wp","href":"https:\/\/api.w.org\/{rel}","templated":true}]}}