{"id":138698,"date":"2023-05-26T22:37:01","date_gmt":"2023-05-27T01:37:01","guid":{"rendered":"http:\/\/centraldeportes.com.ar\/?p=36310"},"modified":"2025-02-11T17:19:34","modified_gmt":"2025-02-11T20:19:34","slug":"convocatoria-olavarriense-para-la-seleccion-argentina-de-bochas","status":"publish","type":"post","link":"https:\/\/cdnoticias.com\/index.php\/2023\/05\/26\/convocatoria-olavarriense-para-la-seleccion-argentina-de-bochas\/","title":{"rendered":"Convocatoria olavarriense para la Selecci\u00f3n Argentina de Bochas"},"content":{"rendered":"<p>Las dos boch\u00f3filas locales preseleccionadas participar\u00e1n de los entrenamientos que se llevar\u00e1n a cabo los primeros d\u00edas de junio en C\u00f3rdoba.<!--more--><\/p>\n<hr \/>\n<p>Pas\u00f3 el Campeonato Argentino de Damas en nuestra ciudad y dej\u00f3 buenas noticias. En los \u00faltimos d\u00edas se confirm\u00f3 la citaci\u00f3n de <strong>las olavarrienses Cecilia Esnal y \u00c9rika Quinteros<\/strong> para que formen parte de los entrenamientos con la <strong>Selecci\u00f3n Argentina de Bocha<\/strong>s.<\/p>\n<p>&nbsp;<\/p>\n<p>Ambas fueron preseleccionadas por Jos\u00e9 Gaspari y Daniela Garetto para que se incorporen a las pr\u00e1cticas con el equipo nacional <strong>desde el 2 al 4 de junio en C\u00f3rdoba<\/strong>.<\/p>\n<p>&nbsp;<\/p>\n<p>Las pr\u00e1cticas ser\u00e1n en la cancha de Coronel Moldes, donde las boch\u00f3filas locales compartir\u00e1n experiencias con las tambi\u00e9n convocadas Melina Mir (Tres Arroyos), Carla Cabrera (C\u00f3rdoba), Romina Bolatti (Santa Fe), Luc\u00eda Roblin (Buenos Aires), Milagros Pereyra (Entre R\u00edos), Silvia Fucenecco (Corrientes), Ludmila Ferreyra (Mendoza) y Luc\u00eda B\u00e1ez (R\u00edo Negro).<\/p>\n<p>&nbsp;<\/p>\n<p><em><strong>Fuente: Diego Clar (Prensa Asociaci\u00f3n de Bochas de Olavarr\u00eda).<\/strong><\/em><\/p>\n","protected":false},"excerpt":{"rendered":"<p>Las dos boch\u00f3filas locales preseleccionadas participar\u00e1n de los entrenamientos que se llevar\u00e1n a cabo los primeros d\u00edas de junio en<\/p>\n","protected":false},"author":96739694,"featured_media":155525,"comment_status":"closed","ping_status":"closed","sticky":false,"template":"","format":"standard","meta":{"_jetpack_memberships_contains_paid_content":false,"footnotes":""},"categories":[30,1],"tags":[],"class_list":["post-138698","post","type-post","status-publish","format-standard","has-post-thumbnail","hentry","category-polideportivo","category-portada"],"jetpack_featured_media_url":"https:\/\/i0.wp.com\/cdnoticias.com\/wp-content\/uploads\/2023\/05\/Convocatoria-Selecci%C3%B3n-de-Bochas.jpeg?fit=1000%2C525&ssl=1","jetpack_sharing_enabled":true,"_links":{"self":[{"href":"https:\/\/cdnoticias.com\/index.php\/wp-json\/wp\/v2\/posts\/138698","targetHints":{"allow":["GET"]}}],"collection":[{"href":"https:\/\/cdnoticias.com\/index.php\/wp-json\/wp\/v2\/posts"}],"about":[{"href":"https:\/\/cdnoticias.com\/index.php\/wp-json\/wp\/v2\/types\/post"}],"author":[{"embeddable":true,"href":"https:\/\/cdnoticias.com\/index.php\/wp-json\/wp\/v2\/users\/96739694"}],"replies":[{"embeddable":true,"href":"https:\/\/cdnoticias.com\/index.php\/wp-json\/wp\/v2\/comments?post=138698"}],"version-history":[{"count":0,"href":"https:\/\/cdnoticias.com\/index.php\/wp-json\/wp\/v2\/posts\/138698\/revisions"}],"wp:featuredmedia":[{"embeddable":true,"href":"https:\/\/cdnoticias.com\/index.php\/wp-json\/wp\/v2\/media\/155525"}],"wp:attachment":[{"href":"https:\/\/cdnoticias.com\/index.php\/wp-json\/wp\/v2\/media?parent=138698"}],"wp:term":[{"taxonomy":"category","embeddable":true,"href":"https:\/\/cdnoticias.com\/index.php\/wp-json\/wp\/v2\/categories?post=138698"},{"taxonomy":"post_tag","embeddable":true,"href":"https:\/\/cdnoticias.com\/index.php\/wp-json\/wp\/v2\/tags?post=138698"}],"curies":[{"name":"wp","href":"https:\/\/api.w.org\/{rel}","templated":true}]}}