{"id":138694,"date":"2023-05-26T18:50:38","date_gmt":"2023-05-26T21:50:38","guid":{"rendered":"http:\/\/centraldeportes.com.ar\/?p=36290"},"modified":"2025-02-11T17:19:37","modified_gmt":"2025-02-11T20:19:37","slug":"chingotto-y-navarro-estan-en-semifinales-del-open-de-viena","status":"publish","type":"post","link":"https:\/\/cdnoticias.com\/index.php\/2023\/05\/26\/chingotto-y-navarro-estan-en-semifinales-del-open-de-viena\/","title":{"rendered":"Chingotto y Navarro est\u00e1n en semifinales del Open de Viena"},"content":{"rendered":"<p>El \u201cS\u00faper Rat\u00f3n\u201d y compa\u00f1\u00eda vencieron este viernes a la pareja de Juan Tello y Alejandro Ruiz al cabo de dos horas y siete minutos de partido.<!--more--><\/p>\n<hr \/>\n<p>El <strong>olavarriense y el sevillano<\/strong> siguen escalando instancias en el noveno torneo de la temporada de World P\u00e1del Tour y con el triunfo de este viernes <strong>se metieron entre las cuatro mejores parejas del Viena P\u00e1del Open<\/strong>.<\/p>\n<p>&nbsp;<\/p>\n<p>Por los cuartos de final del certamen, <strong>\u201cFede\u201d y \u201cPaquito\u201d enfrentaron a dos viejos conocidos<\/strong> dentro del circuito: el cordob\u00e9s <strong>Juan Tello<\/strong> y el ib\u00e9rico <strong>Alejandro Ruiz<\/strong>. El duelo tuvo lugar en el segundo turno de la tarde del Steffl Arena.<\/p>\n<p>&nbsp;<\/p>\n<p>Si bien comenzaron abajo en el tanteador, <strong>la dupla Chingotto-Navarro se repuso a base de quiebres<\/strong> para quedarse con el primer set por<strong> 7 \u2013 5<\/strong>. <strong>La reacci\u00f3n del \u201cGato\u201d Tello y Alex Ruiz lleg\u00f3 en consecuencia con un 7 \u2013 5<\/strong>, pero en el definitivo apareci\u00f3 lo mejor del <strong>olavarriense y el sevillano, quienes con un rotundo 6 \u2013 0<\/strong> se quedaron con el partido y avanzaron a las semifinales del torneo austr\u00edaco.<\/p>\n<p>&nbsp;<\/p>\n<p>En dicha fase, enfrentar\u00e1n este s\u00e1bado en el 20&#215;10 de alfombra negra a la pareja de Franco Stupaczuk y Mart\u00edn Di Nenno, quienes barrieron en sets corridos a &#8220;Lucho&#8221; Capra y &#8220;Maxi&#8221; S\u00e1nchez.<\/p>\n<p>&nbsp;<\/p>\n<p><em><strong>Foto: World P\u00e1del Tour.<\/strong><\/em><\/p>\n","protected":false},"excerpt":{"rendered":"<p>El \u201cS\u00faper Rat\u00f3n\u201d y compa\u00f1\u00eda vencieron este viernes a la pareja de Juan Tello y Alejandro Ruiz al cabo de<\/p>\n","protected":false},"author":96739694,"featured_media":155531,"comment_status":"closed","ping_status":"closed","sticky":false,"template":"","format":"standard","meta":{"_jetpack_memberships_contains_paid_content":false,"footnotes":""},"categories":[30,1],"tags":[],"class_list":["post-138694","post","type-post","status-publish","format-standard","has-post-thumbnail","hentry","category-polideportivo","category-portada"],"jetpack_featured_media_url":"https:\/\/i0.wp.com\/cdnoticias.com\/wp-content\/uploads\/2023\/05\/Chingotto-Navarro-a-semis-de-Viena.jpeg?fit=1600%2C914&ssl=1","jetpack_sharing_enabled":true,"_links":{"self":[{"href":"https:\/\/cdnoticias.com\/index.php\/wp-json\/wp\/v2\/posts\/138694","targetHints":{"allow":["GET"]}}],"collection":[{"href":"https:\/\/cdnoticias.com\/index.php\/wp-json\/wp\/v2\/posts"}],"about":[{"href":"https:\/\/cdnoticias.com\/index.php\/wp-json\/wp\/v2\/types\/post"}],"author":[{"embeddable":true,"href":"https:\/\/cdnoticias.com\/index.php\/wp-json\/wp\/v2\/users\/96739694"}],"replies":[{"embeddable":true,"href":"https:\/\/cdnoticias.com\/index.php\/wp-json\/wp\/v2\/comments?post=138694"}],"version-history":[{"count":0,"href":"https:\/\/cdnoticias.com\/index.php\/wp-json\/wp\/v2\/posts\/138694\/revisions"}],"wp:featuredmedia":[{"embeddable":true,"href":"https:\/\/cdnoticias.com\/index.php\/wp-json\/wp\/v2\/media\/155531"}],"wp:attachment":[{"href":"https:\/\/cdnoticias.com\/index.php\/wp-json\/wp\/v2\/media?parent=138694"}],"wp:term":[{"taxonomy":"category","embeddable":true,"href":"https:\/\/cdnoticias.com\/index.php\/wp-json\/wp\/v2\/categories?post=138694"},{"taxonomy":"post_tag","embeddable":true,"href":"https:\/\/cdnoticias.com\/index.php\/wp-json\/wp\/v2\/tags?post=138694"}],"curies":[{"name":"wp","href":"https:\/\/api.w.org\/{rel}","templated":true}]}}