{"id":13869,"date":"2021-02-16T12:10:18","date_gmt":"2021-02-16T15:10:18","guid":{"rendered":"http:\/\/www.centraldenoticias.com.ar\/?p=13869"},"modified":"2021-02-16T12:10:18","modified_gmt":"2021-02-16T15:10:18","slug":"trotta-debemos-proteger-la-presencialidad","status":"publish","type":"post","link":"https:\/\/cdnoticias.com\/index.php\/2021\/02\/16\/trotta-debemos-proteger-la-presencialidad\/","title":{"rendered":"Trotta: \u201cdebemos proteger la presencialidad\u201d"},"content":{"rendered":"<p>El Ministro de Educaci\u00f3n de la Naci\u00f3n dio m\u00e1s detalles del retorno a clases presenciales. Se\u00f1al\u00f3 que en caso de casos positivos en una escuela \u201cse a\u00edsla el aula, la burbuja\u201d.<!--more--><\/p>\n<hr \/>\n<p>Este mi\u00e9rcoles comenzar\u00e1n las clases presenciales en Capital Federal y el 1 de marzo ser\u00e1 en la Provincia de Buenos Aires. En ese contexto, <strong>el Ministro de Educaci\u00f3n de la Naci\u00f3n, Nicol\u00e1s Trotta, dio m\u00e1s detalles de los protocolos y anunci\u00f3, incluso, c\u00f3mo ser\u00e1 el aislamiento en caso de casos positivos.<\/strong><\/p>\n<p>&nbsp;<\/p>\n<p>En primera instancia, valor\u00f3 el paso que se da con la presencialidad:<em> \u201cSe va a volver en un esquema de alternancia y escalonado. Ma\u00f1ana arranca la Ciudad y algunas escuelas de otros puntos del pa\u00eds y a partir del mes de marzo habr\u00e1 un regreso de todos los grados en todas las escuelas\u201d.<\/em><\/p>\n<p>&nbsp;<\/p>\n<blockquote><p>Justamente pidi\u00f3 que el regreso a las aulas \u201ctiene que ser cuidado y sostenible a lo largo del tiempo\u201d y asegur\u00f3 que ello \u201cimplica una supervisi\u00f3n diaria\u201d para \u201cproteger la presencialidad\u201d y \u201crecuperar lo que qued\u00f3 pendiente durante el 2020\u201d.<\/p><\/blockquote>\n<p>&nbsp;<\/p>\n<p>Un punto importante es que<strong> en caso de detectar positivos de COVID no ser\u00e1 aislado el colegio entero<\/strong>: <em>\u201cSi hay un caso positivo en una escuela, se a\u00edsla el aula, la burbuja\u201d<\/em>, explic\u00f3, al tiempo que remarc\u00f3 que todas las decisiones se tomar\u00e1n de acuerdo a la zona del pa\u00eds y la provincia.<\/p>\n<p>&nbsp;<\/p>\n<p><strong><em>\u201cCualquier avance que implique intensificar la presencialidad o volver atr\u00e1s hay que adoptarla en la m\u00ednima unidad geogr\u00e1fica posible\u201d<\/em><\/strong>, detall\u00f3. En caso de varios casos, confirm\u00f3 no habr\u00e1 suspensi\u00f3n total de las clases.<\/p>\n","protected":false},"excerpt":{"rendered":"<p>El Ministro de Educaci\u00f3n de la Naci\u00f3n dio m\u00e1s detalles del retorno a clases presenciales. Se\u00f1al\u00f3 que en caso de<\/p>\n","protected":false},"author":2,"featured_media":3268,"comment_status":"closed","ping_status":"closed","sticky":false,"template":"","format":"standard","meta":{"_jetpack_memberships_contains_paid_content":false,"footnotes":""},"categories":[6,1],"tags":[],"class_list":["post-13869","post","type-post","status-publish","format-standard","has-post-thumbnail","hentry","category-nacionales","category-portada"],"jetpack_featured_media_url":"https:\/\/i0.wp.com\/cdnoticias.com\/wp-content\/uploads\/2020\/10\/Nicolas-Trotta.jpg?fit=960%2C640&ssl=1","jetpack_sharing_enabled":true,"_links":{"self":[{"href":"https:\/\/cdnoticias.com\/index.php\/wp-json\/wp\/v2\/posts\/13869","targetHints":{"allow":["GET"]}}],"collection":[{"href":"https:\/\/cdnoticias.com\/index.php\/wp-json\/wp\/v2\/posts"}],"about":[{"href":"https:\/\/cdnoticias.com\/index.php\/wp-json\/wp\/v2\/types\/post"}],"author":[{"embeddable":true,"href":"https:\/\/cdnoticias.com\/index.php\/wp-json\/wp\/v2\/users\/2"}],"replies":[{"embeddable":true,"href":"https:\/\/cdnoticias.com\/index.php\/wp-json\/wp\/v2\/comments?post=13869"}],"version-history":[{"count":0,"href":"https:\/\/cdnoticias.com\/index.php\/wp-json\/wp\/v2\/posts\/13869\/revisions"}],"wp:featuredmedia":[{"embeddable":true,"href":"https:\/\/cdnoticias.com\/index.php\/wp-json\/wp\/v2\/media\/3268"}],"wp:attachment":[{"href":"https:\/\/cdnoticias.com\/index.php\/wp-json\/wp\/v2\/media?parent=13869"}],"wp:term":[{"taxonomy":"category","embeddable":true,"href":"https:\/\/cdnoticias.com\/index.php\/wp-json\/wp\/v2\/categories?post=13869"},{"taxonomy":"post_tag","embeddable":true,"href":"https:\/\/cdnoticias.com\/index.php\/wp-json\/wp\/v2\/tags?post=13869"}],"curies":[{"name":"wp","href":"https:\/\/api.w.org\/{rel}","templated":true}]}}