{"id":138685,"date":"2023-05-25T16:49:21","date_gmt":"2023-05-25T19:49:21","guid":{"rendered":"http:\/\/centraldeportes.com.ar\/?p=36211"},"modified":"2025-02-11T17:17:18","modified_gmt":"2025-02-11T20:17:18","slug":"liga-federal-el-tercer-juego-entre-racing-y-atenas-sera-sin-publico","status":"publish","type":"post","link":"https:\/\/cdnoticias.com\/index.php\/2023\/05\/25\/liga-federal-el-tercer-juego-entre-racing-y-atenas-sera-sin-publico\/","title":{"rendered":"Liga Federal: el tercer juego entre Racing y Atenas ser\u00e1 sin p\u00fablico"},"content":{"rendered":"<p>As\u00ed lo dio a conocer la Confederaci\u00f3n Argentina de B\u00e1squet (CAB) en la tarde de este jueves. Adem\u00e1s, fueron suspendidos provisoriamente dos jugadores.<!--more--><\/p>\n<hr \/>\n<p>Tras <a href=\"http:\/\/centraldeportes.com.ar\/racing-igualo-la-serie-y-habra-tercer-juego-en-el-parque-olavarria\/\">imponerse por 75 a 65<\/a> e igualar la serie de playoffs en uno en la noche del pasado mi\u00e9rcoles, <strong>Racing fue sancionado por el Tribunal de Disciplina de la CAB<\/strong> y afrontar\u00e1 el tercer partido de la llave contra Atenas de La Plata sin el acompa\u00f1amiento de su gente en las gradas.<\/p>\n<p>&nbsp;<\/p>\n<p>El comunicado se dio a conocer en horas de la ma\u00f1ana de este jueves y detalla que <strong>la organizaci\u00f3n del encuentro deber\u00e1 realizarse a puertas cerradas<\/strong> debido a los incidentes ocurridos durante el final del partido entre <strong>Francisco Fornes y Rafael Rosende, <\/strong>sumado al descargo de los \u00e1rbitros amparados por el Art\u00edculo 47\u00b0 en el que manifiesta <em>&#8220;hechos motivantes a la interrupci\u00f3n de un partido&#8221;.<\/em><\/p>\n<p>&nbsp;<\/p>\n<p><strong>Ambos jugadores intercambiaron insultos y empujones durante el saludo final<\/strong>, pero luego la situaci\u00f3n fue controlada por los mismos jugadores y cuerpo t\u00e9cnico. Por tal disposici\u00f3n, <strong>el pivot de Racing y el ala pivot de Atenas fueron suspendidos provisoriamente<\/strong> y no estar\u00e1 este jueves por la noche en la definici\u00f3n de la serie de playoffs.<\/p>\n<p>&nbsp;<\/p>\n<p>El duelo <strong>dar\u00e1 comienzo a partir de las 20:00 horas<\/strong> en el gimnasio del Parque Olavarr\u00eda.<\/p>\n","protected":false},"excerpt":{"rendered":"<p>As\u00ed lo dio a conocer la Confederaci\u00f3n Argentina de B\u00e1squet (CAB) en la tarde de este jueves. Adem\u00e1s, fueron suspendidos<\/p>\n","protected":false},"author":96739694,"featured_media":155428,"comment_status":"closed","ping_status":"closed","sticky":false,"template":"","format":"standard","meta":{"_jetpack_memberships_contains_paid_content":false,"footnotes":""},"categories":[31,1,57],"tags":[],"class_list":["post-138685","post","type-post","status-publish","format-standard","has-post-thumbnail","hentry","category-basquet","category-portada","category-torneo-federal"],"jetpack_featured_media_url":"https:\/\/i0.wp.com\/cdnoticias.com\/wp-content\/uploads\/2023\/05\/rac-atenas-playoff2-6.jpeg?fit=1500%2C1000&ssl=1","jetpack_sharing_enabled":true,"_links":{"self":[{"href":"https:\/\/cdnoticias.com\/index.php\/wp-json\/wp\/v2\/posts\/138685","targetHints":{"allow":["GET"]}}],"collection":[{"href":"https:\/\/cdnoticias.com\/index.php\/wp-json\/wp\/v2\/posts"}],"about":[{"href":"https:\/\/cdnoticias.com\/index.php\/wp-json\/wp\/v2\/types\/post"}],"author":[{"embeddable":true,"href":"https:\/\/cdnoticias.com\/index.php\/wp-json\/wp\/v2\/users\/96739694"}],"replies":[{"embeddable":true,"href":"https:\/\/cdnoticias.com\/index.php\/wp-json\/wp\/v2\/comments?post=138685"}],"version-history":[{"count":0,"href":"https:\/\/cdnoticias.com\/index.php\/wp-json\/wp\/v2\/posts\/138685\/revisions"}],"wp:featuredmedia":[{"embeddable":true,"href":"https:\/\/cdnoticias.com\/index.php\/wp-json\/wp\/v2\/media\/155428"}],"wp:attachment":[{"href":"https:\/\/cdnoticias.com\/index.php\/wp-json\/wp\/v2\/media?parent=138685"}],"wp:term":[{"taxonomy":"category","embeddable":true,"href":"https:\/\/cdnoticias.com\/index.php\/wp-json\/wp\/v2\/categories?post=138685"},{"taxonomy":"post_tag","embeddable":true,"href":"https:\/\/cdnoticias.com\/index.php\/wp-json\/wp\/v2\/tags?post=138685"}],"curies":[{"name":"wp","href":"https:\/\/api.w.org\/{rel}","templated":true}]}}