{"id":138681,"date":"2023-05-25T02:10:23","date_gmt":"2023-05-25T05:10:23","guid":{"rendered":"http:\/\/centraldeportes.com.ar\/?p=36200"},"modified":"2025-02-11T17:17:24","modified_gmt":"2025-02-11T20:17:24","slug":"regional-de-la-federacion-el-chaira-gano-y-manda-en-la-zona-3","status":"publish","type":"post","link":"https:\/\/cdnoticias.com\/index.php\/2023\/05\/25\/regional-de-la-federacion-el-chaira-gano-y-manda-en-la-zona-3\/","title":{"rendered":"Regional de la Federaci\u00f3n: el \u201cChaira\u201d gan\u00f3 y manda en la Zona 3"},"content":{"rendered":"<p>Por la 3\u00b0 fecha del Torneo Regional de la Federaci\u00f3n Bonaerense Pampeana, Racing derrot\u00f3 3 a 1 a Velense en el estadio Jos\u00e9 Buglione Martinese. El pr\u00f3ximo mi\u00e9rcoles volver\u00e1 a ser local frente a Sportivo San Cayetano.<!--more--><\/p>\n<hr \/>\n<p>La vuelta del \u201cChueco\u201d Garc\u00eda Lorenzo al banco de Racing se dio de la mejor manera porque en la tarde noche de este mi\u00e9rcoles su equipo se qued\u00f3 con los tres puntos en el Buglione Martinese. <strong>El \u201cChaira\u201d<\/strong>, que tuvo descanso en la segunda jornada, <strong>recibi\u00f3 en el marco de la 3\u00b0 fecha del Regional de la Federaci\u00f3n a Velense de Mar\u00eda Ignacia (Tandil)<\/strong> que tambi\u00e9n hab\u00eda ganado en su debut.<\/p>\n<p>&nbsp;<\/p>\n<p>Con goles de <strong>Santiago Izaguirre, Rub\u00e9n Tarasco de penal y Nicol\u00e1s Grigera<\/strong>, la \u201cEstrellita\u201d derrot\u00f3 <strong>3 a 1<\/strong> al elenco \u201cVerdirrojo\u201d que hab\u00eda descontado transitoriamente <strong>Gonzalo \u00c1lvarez<\/strong> desde los once metros. A la par, el festejo conseguido le dio al \u201cChaira\u201d puntaje ideal para ser el l\u00edder de la Zona 3.<\/p>\n<p>&nbsp;<\/p>\n<h6><strong>El partido, los detalles<\/strong><\/h6>\n<p>&nbsp;<\/p>\n<p>A excepci\u00f3n del penal sobre el cierre del per\u00edodo, Racing no sufri\u00f3 demasiados sobresaltos durante los primeros cuarenta y cinco minutos. Incluso golpe\u00f3 temprano y tom\u00f3 las riendas del partido con la ventaja encima. <strong>El primero lleg\u00f3 a los 8\u2019 por medio de Santiago Izaguirre, que aprovech\u00f3 el desconcierto de la defensa visitante para empujar el bal\u00f3n pr\u00e1cticamente en el \u00e1rea chica tras un centro de Ordozgoiti.<\/strong><\/p>\n<p>&nbsp;<\/p>\n<p>\u201cManu\u201d Scacheri desperdici\u00f3 posteriormente una oportuna chance que pas\u00f3 por encima del travesa\u00f1o, luego de una mala salida del arquero a los 37\u2019. Tiempo despu\u00e9s, en la \u00fanica llegada de Velense en todo el primer tiempo arrib\u00f3 la acci\u00f3n del empate. Iban 42\u2019 cuando Mart\u00ednez dispar\u00f3 de media distancia y la pelota dio en el poste derecho, pero en el rebote Ayesa derrib\u00f3 a Di Cataldo.<strong> Fue un claro penal que intercambi\u00f3 por gol Gonzalo \u00c1lvarez para la igualdad parcial de los de Moreno a los 43\u2019<\/strong>.<\/p>\n<p>&nbsp;<\/p>\n<p>[soliloquy id=&#8221;36177&#8243;]<\/p>\n<p>&nbsp;<\/p>\n<p>El \u201cChaira\u201d sali\u00f3 con los tapones de punta al segundo tiempo y de la doble oportunidad para<strong> Rub\u00e9n Tarasco<\/strong>, una termin\u00f3 en gol. Primero, a los 47\u2019, Aspitia le ahog\u00f3 el grito tras un remate desde buena posici\u00f3n y m\u00e1s tarde,<strong> en el minuto 54\u2019, cambi\u00f3 por gol el penal que le cometi\u00f3 el \u201c1\u201d de Velense a Ordozgoiti<\/strong>.<\/p>\n<p>&nbsp;<\/p>\n<h6><strong>Matos se luci\u00f3 y mantuvo la ventaja<\/strong><\/h6>\n<p>A los 64\u2019 <strong>el arquero azule\u00f1o, que fue figura, se destac\u00f3 de manera notable con una triple atajada<\/strong> para evitar la ca\u00edda de su arco. <strong>Primero, la m\u00e1s complicada, le sac\u00f3 abajo un cabezazo a Ruarte y enseguida en doble oportunidad le evit\u00f3 la chance a Valenzuela<\/strong>.<\/p>\n<p>&nbsp;<\/p>\n<p>El \u201cVerdirrojo\u201d al ver que pod\u00eda lastimar a Racing se anim\u00f3 un poquito m\u00e1s, pero en ese lapso de valent\u00eda se encontr\u00f3 con otro gol en contra. <strong>Desde un tiro de esquina del sector derecho, Ordozgoiti pein\u00f3 en el primer palo y por la misma v\u00eda la empuj\u00f3 al gol Nicol\u00e1s Grigera a los 73&#8242; para el 3 a 1 definitivo de Racing<\/strong>, que en los \u00faltimos minutos manej\u00f3 los tiempos y control\u00f3 las acciones para quedarse con los tres puntos.<\/p>\n<p>&nbsp;<\/p>\n<p>Con este triunfo, <strong>el \u201cChaira\u201d es l\u00edder de la Zona 3 del Torneo Regional de la Federaci\u00f3n con 6 puntos<\/strong> y el pr\u00f3ximo mi\u00e9rcoles recibir\u00e1 a <strong>Sportivo San Cayetano<\/strong> en el inicio de las revanchas.<\/p>\n<p>&nbsp;<\/p>\n<p><strong>S\u00edntesis Racing \u2013 Velense: <\/strong><\/p>\n<p><strong>Racing (3):<\/strong> Jos\u00e9 Matos; Joaqu\u00edn Ayesa, Nicol\u00e1s Grigera, Gonzalo Izaguirre, Ignacio Baldo; Santiago Izaguirre (D. Garabento), Manuel Scacheri (D. Fr\u00edas), Alejandro Cataldi, Mat\u00edas Ordozgoiti (F. Kolman); Pablo Mujica (T. Kolman) y Rub\u00e9n Tarasco. DT: David Garc\u00eda Lorenzo.<\/p>\n<p><strong>Velense (1): <\/strong>Nicol\u00e1s Aspitia; Federico Ducant, Laureano Pereyra (G. \u00c1lvarez), Nehu\u00e9n Valenzuela, Facundo Di Cataldo; Marcos Gancedo (L. Ruarte), Juli\u00e1n Palmieri, Franco Rebollo; Mariano Garc\u00eda (S. Safenreiter), Bernardo Altamiranda (N. Mart\u00ednez) y Emanuel \u00c1lvarez (R. Justel). DT: Juan Moreno.<\/p>\n<p><strong>Goles: <\/strong>8m. PT Santiago Izaguirre (R); 43m. PT Gonzalo \u00c1lvarez \u2013p \u2013 (V); 9m. ST Rub\u00e9n Tarasco \u2013 p \u2013 (R) y 28m. ST Nicol\u00e1s Grigera (R).<\/p>\n<p><strong>Amonestados:<\/strong> Ruarte (Velense).<\/p>\n<p><strong>Expulsados:<\/strong> No hubo.<\/p>\n<p><strong>\u00c1rbitro:<\/strong> Ignacio G\u00f3mez (Azul). <strong>Estadio:<\/strong> Jos\u00e9 Buglione Martinese.<\/p>\n","protected":false},"excerpt":{"rendered":"<p>Por la 3\u00b0 fecha del Torneo Regional de la Federaci\u00f3n Bonaerense Pampeana, Racing derrot\u00f3 3 a 1 a Velense en<\/p>\n","protected":false},"author":96739694,"featured_media":155435,"comment_status":"closed","ping_status":"closed","sticky":false,"template":"","format":"standard","meta":{"_jetpack_memberships_contains_paid_content":false,"footnotes":""},"categories":[35,1,54],"tags":[],"class_list":["post-138681","post","type-post","status-publish","format-standard","has-post-thumbnail","hentry","category-futbol","category-portada","category-torneo-regional-amateur"],"jetpack_featured_media_url":"https:\/\/i0.wp.com\/cdnoticias.com\/wp-content\/uploads\/2023\/05\/racing-velense-5.jpeg?fit=1500%2C1000&ssl=1","jetpack_sharing_enabled":true,"_links":{"self":[{"href":"https:\/\/cdnoticias.com\/index.php\/wp-json\/wp\/v2\/posts\/138681","targetHints":{"allow":["GET"]}}],"collection":[{"href":"https:\/\/cdnoticias.com\/index.php\/wp-json\/wp\/v2\/posts"}],"about":[{"href":"https:\/\/cdnoticias.com\/index.php\/wp-json\/wp\/v2\/types\/post"}],"author":[{"embeddable":true,"href":"https:\/\/cdnoticias.com\/index.php\/wp-json\/wp\/v2\/users\/96739694"}],"replies":[{"embeddable":true,"href":"https:\/\/cdnoticias.com\/index.php\/wp-json\/wp\/v2\/comments?post=138681"}],"version-history":[{"count":0,"href":"https:\/\/cdnoticias.com\/index.php\/wp-json\/wp\/v2\/posts\/138681\/revisions"}],"wp:featuredmedia":[{"embeddable":true,"href":"https:\/\/cdnoticias.com\/index.php\/wp-json\/wp\/v2\/media\/155435"}],"wp:attachment":[{"href":"https:\/\/cdnoticias.com\/index.php\/wp-json\/wp\/v2\/media?parent=138681"}],"wp:term":[{"taxonomy":"category","embeddable":true,"href":"https:\/\/cdnoticias.com\/index.php\/wp-json\/wp\/v2\/categories?post=138681"},{"taxonomy":"post_tag","embeddable":true,"href":"https:\/\/cdnoticias.com\/index.php\/wp-json\/wp\/v2\/tags?post=138681"}],"curies":[{"name":"wp","href":"https:\/\/api.w.org\/{rel}","templated":true}]}}