{"id":138678,"date":"2023-05-24T16:58:54","date_gmt":"2023-05-24T19:58:54","guid":{"rendered":"http:\/\/centraldeportes.com.ar\/?p=36155"},"modified":"2025-02-11T17:17:31","modified_gmt":"2025-02-11T20:17:31","slug":"las-mujeres-tambien-tuvieron-accion-el-fin-de-semana","status":"publish","type":"post","link":"https:\/\/cdnoticias.com\/index.php\/2023\/05\/24\/las-mujeres-tambien-tuvieron-accion-el-fin-de-semana\/","title":{"rendered":"Las mujeres tambi\u00e9n tuvieron acci\u00f3n el fin de semana"},"content":{"rendered":"<p>Con toda la actividad concentrada en el predio de Municipales, las diferentes categor\u00edas del f\u00fatbol femenino local cumplieron con sus respectivos compromisos.<!--more--><\/p>\n<hr \/>\n<p>Fue otro fin de semana cargado de f\u00fatbol para las distintas divisiones del <strong>f\u00fatbol femenino de Olavarr\u00eda<\/strong>, con el desarrollo de la <strong>9\u00b0 fecha del Torneo Apertura en Primera Divisi\u00f3n y la 8\u00b0 cita para las Divisiones Inferiores<\/strong>. Toda la acci\u00f3n se concentr\u00f3 entre el s\u00e1bado y domingo pasado en la cancha de Municipales.<\/p>\n<p>&nbsp;<\/p>\n<p>De acuerdo al balance de la fecha en la categor\u00eda mayor,<strong> Racing volvi\u00f3 a ganar y se despeg\u00f3 de Hinojo en la cima del certamen<\/strong>. Es que las \u201cAlbiverdes\u201d repartieron puntos en su respectivo duelo contra Mu\u00f1oz. Adem\u00e1s, el B se qued\u00f3 con los cruces de los Municipales y hubo goleada de Ferro Carril Sud.<\/p>\n<p>&nbsp;<\/p>\n<h6><strong>Resultados:<\/strong><\/h6>\n<p>&nbsp;<\/p>\n<h6>Primera<\/h6>\n<p><strong>Municipales A<\/strong> <strong>0 \u2013 2 Municipales B<\/strong> (Luc\u00eda Reyes y Brenda Leguizam\u00f3n)<\/p>\n<p><strong>Hinojo<\/strong> (Bel\u00e9n Boyer y Estefan\u00eda Fern\u00e1ndez) <strong>2 \u2013 2 Mu\u00f1oz<\/strong> (Luz Bulant y Claudia Zapata)<\/p>\n<p><strong>Racing<\/strong> (Priscilia Lora y D\u00e9bora Lebrero) <strong>2 \u2013 1 Tres Hermanos<\/strong> (Blanca Chica) (Yesica Vallejos)<\/p>\n<p><strong>Pueyrred\u00f3n 0 \u2013 4 Ferro Carril Sud<\/strong> (Oriana Vitrano -3- y Marina Reyes)<\/p>\n<p>&nbsp;<\/p>\n<p><img data-recalc-dims=\"1\" loading=\"lazy\" decoding=\"async\" class=\"alignnone wp-image-36160 size-full\" src=\"https:\/\/i0.wp.com\/centraldeportes.com.ar\/wp-content\/uploads\/2023\/05\/Primera-Divisi%C3%B3n-F%C3%BAtbol-Femenino-9%C2%B0-fecha.png?resize=786%2C537\" alt=\"\" width=\"786\" height=\"537\" \/><\/p>\n<p>&nbsp;<\/p>\n<h6>Sub 16<\/h6>\n<p>Racing <strong>3 \u2013 0<\/strong> Ferro Carril Sud<\/p>\n<p>Municipales <strong>0 \u2013 1<\/strong> Estudiantes<\/p>\n<p>Libre: Sierra Chica.<\/p>\n<p>&nbsp;<\/p>\n<h6>Sub 14<\/h6>\n<p>Sierra Chica <strong>1 \u2013 0<\/strong> El Fort\u00edn<\/p>\n<p>Estudiantes <strong>2 \u2013 0<\/strong> Racing<\/p>\n<p>&nbsp;<\/p>\n<p><em><strong>Foto: Club Mu\u00f1oz.<\/strong><\/em><\/p>\n","protected":false},"excerpt":{"rendered":"<p>Con toda la actividad concentrada en el predio de Municipales, las diferentes categor\u00edas del f\u00fatbol femenino local cumplieron con sus<\/p>\n","protected":false},"author":96739694,"featured_media":155445,"comment_status":"closed","ping_status":"closed","sticky":false,"template":"","format":"standard","meta":{"_jetpack_memberships_contains_paid_content":false,"footnotes":""},"categories":[47,35,1],"tags":[],"class_list":["post-138678","post","type-post","status-publish","format-standard","has-post-thumbnail","hentry","category-femenino","category-futbol","category-portada"],"jetpack_featured_media_url":"https:\/\/i0.wp.com\/cdnoticias.com\/wp-content\/uploads\/2023\/05\/Mu%C3%B1oz-9%C2%B0-fecha-apertura-femenino-e1684958262961.jpg?fit=1080%2C626&ssl=1","jetpack_sharing_enabled":true,"_links":{"self":[{"href":"https:\/\/cdnoticias.com\/index.php\/wp-json\/wp\/v2\/posts\/138678","targetHints":{"allow":["GET"]}}],"collection":[{"href":"https:\/\/cdnoticias.com\/index.php\/wp-json\/wp\/v2\/posts"}],"about":[{"href":"https:\/\/cdnoticias.com\/index.php\/wp-json\/wp\/v2\/types\/post"}],"author":[{"embeddable":true,"href":"https:\/\/cdnoticias.com\/index.php\/wp-json\/wp\/v2\/users\/96739694"}],"replies":[{"embeddable":true,"href":"https:\/\/cdnoticias.com\/index.php\/wp-json\/wp\/v2\/comments?post=138678"}],"version-history":[{"count":0,"href":"https:\/\/cdnoticias.com\/index.php\/wp-json\/wp\/v2\/posts\/138678\/revisions"}],"wp:featuredmedia":[{"embeddable":true,"href":"https:\/\/cdnoticias.com\/index.php\/wp-json\/wp\/v2\/media\/155445"}],"wp:attachment":[{"href":"https:\/\/cdnoticias.com\/index.php\/wp-json\/wp\/v2\/media?parent=138678"}],"wp:term":[{"taxonomy":"category","embeddable":true,"href":"https:\/\/cdnoticias.com\/index.php\/wp-json\/wp\/v2\/categories?post=138678"},{"taxonomy":"post_tag","embeddable":true,"href":"https:\/\/cdnoticias.com\/index.php\/wp-json\/wp\/v2\/tags?post=138678"}],"curies":[{"name":"wp","href":"https:\/\/api.w.org\/{rel}","templated":true}]}}