{"id":138667,"date":"2023-05-23T01:01:44","date_gmt":"2023-05-23T04:01:44","guid":{"rendered":"http:\/\/centraldeportes.com.ar\/?p=36089"},"modified":"2025-02-11T17:18:31","modified_gmt":"2025-02-11T20:18:31","slug":"la-primera-division-finalizo-otra-fecha-con-varios-locales-presentes","status":"publish","type":"post","link":"https:\/\/cdnoticias.com\/index.php\/2023\/05\/23\/la-primera-division-finalizo-otra-fecha-con-varios-locales-presentes\/","title":{"rendered":"La Primera Divisi\u00f3n finaliz\u00f3 otra fecha con varios locales presentes"},"content":{"rendered":"<p>La m\u00e1xima categor\u00eda del f\u00fatbol argentino disput\u00f3 el pasado fin de semana los catorce duelos correspondientes a la 17\u00b0 de la Liga Profesional. Pedro De la Vega volvi\u00f3 a ser titular en el torneo y estuvo presente en el triunfo de Lan\u00fas.<!--more--><\/p>\n<hr \/>\n<p>Entre jueves y domingo pasado, el torneo largo de Primera Divisi\u00f3n culmin\u00f3 una nueva jornada de f\u00fatbol con el transcurso de la 17\u00b0 cita de la Liga Profesional. <strong>Los futbolistas locales que no tuvieron acci\u00f3n fueron Santiago Salle y Lucas Janson<\/strong>.<\/p>\n<p>&nbsp;<\/p>\n<p>El juvenil de Independiente no fue citado para el equipo de Primera, en tanto que el delantero de Velez no tuvo actividad debido a la suspensi\u00f3n del partido contra Racing. El motivo fue en adhesi\u00f3n al duelo por el fallecimiento de Hern\u00e1n Manrique, DT de la Reserva del \u201cFort\u00edn\u201d.<\/p>\n<p>&nbsp;<\/p>\n<p><strong>El que s\u00ed tuvo minutos fue Pedro De la Vega, quien volvi\u00f3 a ser titular en la Liga Profesional despu\u00e9s de cinco partidos<\/strong>. El delantero presenci\u00f3 la victoria de Lan\u00fas 1 a 0 sobre Newell\u2019s en La Fortaleza y se le termin\u00f3 el partido a los 72\u2019 ya que sali\u00f3 sustituido por Mat\u00edas Esquivel.\u00a0<strong>Adem\u00e1s, previo al partido, la dirigencia \u201cGranate\u201d homenaje\u00f3 a \u201cPepo\u201d por cumplir cien partidos como futbolista de la instituci\u00f3n<\/strong>.<\/p>\n<p>&nbsp;<\/p>\n<p>Bajo la misma jornada, Atl\u00e9tico Tucum\u00e1n, que ven\u00eda de ser eliminado en la Copa Argentina, visit\u00f3 en Victoria a Tigre y reparti\u00f3 puntos. <strong>El \u201cDecano\u201d igual\u00f3 0 a 0 con el \u201cMatador\u201d bajo la presencia de Braian Guille, quien empez\u00f3 entre los suplentes y m\u00e1s tarde tuvo su chance de ingreso a los 66\u2019 por Mateo Coronel<\/strong>.<\/p>\n<p>&nbsp;<\/p>\n<p>Por otra parte el viernes, Godoy Cruz le gan\u00f3 2 a 0 a Gimnasia y Esgrima de La Plata y volvi\u00f3 a festejar luego de tres partidos. <strong>En el \u201cTomba\u201d, Braian Salvareschi ocup\u00f3 un lugar entre las variantes y tuvo escasos minutos, ya que entr\u00f3 a los 89\u2019 por Roberto Fern\u00e1ndez<\/strong>.<\/p>\n<p>&nbsp;<\/p>\n<p><em><strong>Foto: Club Lan\u00fas.<\/strong><\/em><\/p>\n","protected":false},"excerpt":{"rendered":"<p>La m\u00e1xima categor\u00eda del f\u00fatbol argentino disput\u00f3 el pasado fin de semana los catorce duelos correspondientes a la 17\u00b0 de<\/p>\n","protected":false},"author":96739694,"featured_media":155480,"comment_status":"closed","ping_status":"closed","sticky":false,"template":"","format":"standard","meta":{"_jetpack_memberships_contains_paid_content":false,"footnotes":""},"categories":[35,37,1],"tags":[],"class_list":["post-138667","post","type-post","status-publish","format-standard","has-post-thumbnail","hentry","category-futbol","category-futbol-profesional","category-portada"],"jetpack_featured_media_url":"https:\/\/i0.wp.com\/cdnoticias.com\/wp-content\/uploads\/2023\/05\/Pedro-De-la-Vega-Lan%C3%BAs-17%C2%B0-fecha-e1684814418488.jpg?fit=2048%2C1259&ssl=1","jetpack_sharing_enabled":true,"_links":{"self":[{"href":"https:\/\/cdnoticias.com\/index.php\/wp-json\/wp\/v2\/posts\/138667","targetHints":{"allow":["GET"]}}],"collection":[{"href":"https:\/\/cdnoticias.com\/index.php\/wp-json\/wp\/v2\/posts"}],"about":[{"href":"https:\/\/cdnoticias.com\/index.php\/wp-json\/wp\/v2\/types\/post"}],"author":[{"embeddable":true,"href":"https:\/\/cdnoticias.com\/index.php\/wp-json\/wp\/v2\/users\/96739694"}],"replies":[{"embeddable":true,"href":"https:\/\/cdnoticias.com\/index.php\/wp-json\/wp\/v2\/comments?post=138667"}],"version-history":[{"count":0,"href":"https:\/\/cdnoticias.com\/index.php\/wp-json\/wp\/v2\/posts\/138667\/revisions"}],"wp:featuredmedia":[{"embeddable":true,"href":"https:\/\/cdnoticias.com\/index.php\/wp-json\/wp\/v2\/media\/155480"}],"wp:attachment":[{"href":"https:\/\/cdnoticias.com\/index.php\/wp-json\/wp\/v2\/media?parent=138667"}],"wp:term":[{"taxonomy":"category","embeddable":true,"href":"https:\/\/cdnoticias.com\/index.php\/wp-json\/wp\/v2\/categories?post=138667"},{"taxonomy":"post_tag","embeddable":true,"href":"https:\/\/cdnoticias.com\/index.php\/wp-json\/wp\/v2\/tags?post=138667"}],"curies":[{"name":"wp","href":"https:\/\/api.w.org\/{rel}","templated":true}]}}