{"id":138662,"date":"2023-05-22T19:42:38","date_gmt":"2023-05-22T22:42:38","guid":{"rendered":"http:\/\/centraldeportes.com.ar\/?p=36063"},"modified":"2025-02-11T17:15:53","modified_gmt":"2025-02-11T20:15:53","slug":"podios-para-landaburu-y-diaz-en-tandil","status":"publish","type":"post","link":"https:\/\/cdnoticias.com\/index.php\/2023\/05\/22\/podios-para-landaburu-y-diaz-en-tandil\/","title":{"rendered":"Podios para Landaburu y D\u00edaz en Tandil"},"content":{"rendered":"<p>El pasado domingo, por las calles de Tandil se llev\u00f3 a cabo la Tandil Infinity y en los puestos principales de la Media Marat\u00f3n se ubicaron Leonardo Landaburu y Diego D\u00edaz.<\/p>\n<p><!--more--><\/p>\n<hr \/>\n<p>Organizado por Kuatro KM y en su segunda edici\u00f3n se corri\u00f3 la Media Marat\u00f3n por las calles de la ciudad serrana y hubo presencia local.<\/p>\n<p>&nbsp;<\/p>\n<p>La Media Marat\u00f3n Tandil Infinity consagr\u00f3 a Guillermo Funaro como ganador con un tiempo de 1:07:23 y fue escoltado por los olavarrienses Leonardo Landaburu y Diego D\u00edaz.<\/p>\n<p>&nbsp;<\/p>\n<p><img data-recalc-dims=\"1\" loading=\"lazy\" decoding=\"async\" class=\"alignnone size-large wp-image-36064\" src=\"https:\/\/i0.wp.com\/centraldeportes.com.ar\/wp-content\/uploads\/2023\/05\/landaburu-1-1024x681.jpeg?resize=800%2C532\" alt=\"\" width=\"800\" height=\"532\" \/><\/p>\n<p>&nbsp;<\/p>\n<p>Landaburu necesit\u00f3 1:11:15 para ser segundo y D\u00edaz, 1:13:13 para completar la distancia. Adem\u00e1s, Guillermo Cilley con 1:40:53 finaliz\u00f3 la carrera.<\/p>\n<p>&nbsp;<\/p>\n<p>En la distancia de 10K, Javier Chocobar fue el mejor de los representantes locales y tambi\u00e9n completaron la prueba Walter Peralta, Lucas Esp\u00edndola, Kevin Baffi, Luciano Cabrera, Alejandro Molina, Mario Salas y Mat\u00edas Azzato.<\/p>\n<p>&nbsp;<\/p>\n<p>Por \u00faltimo, en la distancia corta, los representantes de Olavarr\u00eda fueron Nora Cort\u00e9s que se subi\u00f3 al podio y Ra\u00fal Maggi.<\/p>\n","protected":false},"excerpt":{"rendered":"<p>El pasado domingo, por las calles de Tandil se llev\u00f3 a cabo la Tandil Infinity y en los puestos principales<\/p>\n","protected":false},"author":96739694,"featured_media":155352,"comment_status":"closed","ping_status":"closed","sticky":false,"template":"","format":"standard","meta":{"_jetpack_memberships_contains_paid_content":false,"footnotes":""},"categories":[38,1],"tags":[],"class_list":["post-138662","post","type-post","status-publish","format-standard","has-post-thumbnail","hentry","category-pedestrismo","category-portada"],"jetpack_featured_media_url":"https:\/\/i0.wp.com\/cdnoticias.com\/wp-content\/uploads\/2023\/05\/landaburu-2.jpeg?fit=1280%2C720&ssl=1","jetpack_sharing_enabled":true,"_links":{"self":[{"href":"https:\/\/cdnoticias.com\/index.php\/wp-json\/wp\/v2\/posts\/138662","targetHints":{"allow":["GET"]}}],"collection":[{"href":"https:\/\/cdnoticias.com\/index.php\/wp-json\/wp\/v2\/posts"}],"about":[{"href":"https:\/\/cdnoticias.com\/index.php\/wp-json\/wp\/v2\/types\/post"}],"author":[{"embeddable":true,"href":"https:\/\/cdnoticias.com\/index.php\/wp-json\/wp\/v2\/users\/96739694"}],"replies":[{"embeddable":true,"href":"https:\/\/cdnoticias.com\/index.php\/wp-json\/wp\/v2\/comments?post=138662"}],"version-history":[{"count":0,"href":"https:\/\/cdnoticias.com\/index.php\/wp-json\/wp\/v2\/posts\/138662\/revisions"}],"wp:featuredmedia":[{"embeddable":true,"href":"https:\/\/cdnoticias.com\/index.php\/wp-json\/wp\/v2\/media\/155352"}],"wp:attachment":[{"href":"https:\/\/cdnoticias.com\/index.php\/wp-json\/wp\/v2\/media?parent=138662"}],"wp:term":[{"taxonomy":"category","embeddable":true,"href":"https:\/\/cdnoticias.com\/index.php\/wp-json\/wp\/v2\/categories?post=138662"},{"taxonomy":"post_tag","embeddable":true,"href":"https:\/\/cdnoticias.com\/index.php\/wp-json\/wp\/v2\/tags?post=138662"}],"curies":[{"name":"wp","href":"https:\/\/api.w.org\/{rel}","templated":true}]}}