{"id":138657,"date":"2023-05-22T13:16:50","date_gmt":"2023-05-22T16:16:50","guid":{"rendered":"http:\/\/centraldeportes.com.ar\/?p=36024"},"modified":"2025-02-11T17:16:04","modified_gmt":"2025-02-11T20:16:04","slug":"por-el-mal-clima-fue-suspendida-toda-la-actividad-de-bonaerenses","status":"publish","type":"post","link":"https:\/\/cdnoticias.com\/index.php\/2023\/05\/22\/por-el-mal-clima-fue-suspendida-toda-la-actividad-de-bonaerenses\/","title":{"rendered":"Por el mal clima fue suspendida toda la actividad de Bonaerenses"},"content":{"rendered":"<p>Debido a las malas condiciones clim\u00e1ticas y el pron\u00f3stico para las pr\u00f3ximas horas, desde la Subsecretar\u00eda de Deportes y Recreaci\u00f3n de la Municipalidad de Olavarr\u00eda se tom\u00f3 la medida de suspender todas las actividades programadas, hasta el mi\u00e9rcoles inclusive, en el marco de la etapa local de los Juegos Bonaerenses.<\/p>\n<p><!--more--><\/p>\n<hr \/>\n<p>Desde el \u00e1rea se explic\u00f3 que las persistentes lluvias registradas en las \u00faltimas horas, adem\u00e1s de las previsiones para las jornadas venideras, hacen imposible el normal desempe\u00f1o de las disciplinas, adem\u00e1s de ocasionar un riesgo latente en la integridad f\u00edsica de las y los competidores.<\/p>\n<p>&nbsp;<\/p>\n<p>En detalle, quedaron suspendidas y ser\u00e1n reprogramadas las etapas municipales de Beach Voley, Futsal, F\u00fatbol 11, Tejo Mixto (categor\u00edas A y B), Pentatl\u00f3n y Bonaerenses en Carrera.<\/p>\n<p>&nbsp;<\/p>\n<p>La medida fue adoptada en conjunto desde las distintas \u00e1reas que componen la mencionada Subsecretar\u00eda e incluyen disciplinas tanto de Juveniles como de Universitarios, Personas con Discapacidad y Personas Adultas Mayores.<\/p>\n<p>&nbsp;<\/p>\n<p>Por \u00faltimo, se expres\u00f3 que con el correr de las pr\u00f3ximas horas se comunicar\u00e1n las nuevas fechas.<\/p>\n","protected":false},"excerpt":{"rendered":"<p>Debido a las malas condiciones clim\u00e1ticas y el pron\u00f3stico para las pr\u00f3ximas horas, desde la Subsecretar\u00eda de Deportes y Recreaci\u00f3n<\/p>\n","protected":false},"author":96739694,"featured_media":155377,"comment_status":"closed","ping_status":"closed","sticky":false,"template":"","format":"standard","meta":{"_jetpack_memberships_contains_paid_content":false,"footnotes":""},"categories":[30,1],"tags":[],"class_list":["post-138657","post","type-post","status-publish","format-standard","has-post-thumbnail","hentry","category-polideportivo","category-portada"],"jetpack_featured_media_url":"https:\/\/i0.wp.com\/cdnoticias.com\/wp-content\/uploads\/2023\/05\/portal-deportes-1024x932-e1684775660267.jpg?fit=1024%2C568&ssl=1","jetpack_sharing_enabled":true,"_links":{"self":[{"href":"https:\/\/cdnoticias.com\/index.php\/wp-json\/wp\/v2\/posts\/138657","targetHints":{"allow":["GET"]}}],"collection":[{"href":"https:\/\/cdnoticias.com\/index.php\/wp-json\/wp\/v2\/posts"}],"about":[{"href":"https:\/\/cdnoticias.com\/index.php\/wp-json\/wp\/v2\/types\/post"}],"author":[{"embeddable":true,"href":"https:\/\/cdnoticias.com\/index.php\/wp-json\/wp\/v2\/users\/96739694"}],"replies":[{"embeddable":true,"href":"https:\/\/cdnoticias.com\/index.php\/wp-json\/wp\/v2\/comments?post=138657"}],"version-history":[{"count":0,"href":"https:\/\/cdnoticias.com\/index.php\/wp-json\/wp\/v2\/posts\/138657\/revisions"}],"wp:featuredmedia":[{"embeddable":true,"href":"https:\/\/cdnoticias.com\/index.php\/wp-json\/wp\/v2\/media\/155377"}],"wp:attachment":[{"href":"https:\/\/cdnoticias.com\/index.php\/wp-json\/wp\/v2\/media?parent=138657"}],"wp:term":[{"taxonomy":"category","embeddable":true,"href":"https:\/\/cdnoticias.com\/index.php\/wp-json\/wp\/v2\/categories?post=138657"},{"taxonomy":"post_tag","embeddable":true,"href":"https:\/\/cdnoticias.com\/index.php\/wp-json\/wp\/v2\/tags?post=138657"}],"curies":[{"name":"wp","href":"https:\/\/api.w.org\/{rel}","templated":true}]}}