{"id":138652,"date":"2023-05-21T20:44:36","date_gmt":"2023-05-21T23:44:36","guid":{"rendered":"http:\/\/centraldeportes.com.ar\/?p=36000"},"modified":"2025-02-11T17:16:10","modified_gmt":"2025-02-11T20:16:10","slug":"ferro-e-independiente-no-se-sacaron-ventajas","status":"publish","type":"post","link":"https:\/\/cdnoticias.com\/index.php\/2023\/05\/21\/ferro-e-independiente-no-se-sacaron-ventajas\/","title":{"rendered":"Ferro e Independiente no se sacaron ventajas"},"content":{"rendered":"<p>Bajo intensos chaparrones, sobre todo en el segundo tiempo, \u201cCarboneros\u201d e \u201cIndios\u201d empataron 1 a 1 en el c\u00e9sped del Domingo Colasurdo. Fue por la 13\u00b0 fecha de la Zona 3, ante\u00faltima del Torneo organizado por la Uni\u00f3n Deportiva Regional.<!--more--><\/p>\n<hr \/>\n<p>Con la obligaci\u00f3n de no encontrarse con un resultado negativo, <strong>Ferro<\/strong> afront\u00f3 este domingo por la tarde un important\u00edsimo partido frente a un rival directo que tambi\u00e9n se encuentra peleando por los \u00faltimos cupos clasificatorios de la <strong>Zona 3<\/strong>. En el marco de la pen\u00faltima fecha del Torneo Interligas,<strong> el \u201cCarbonero\u201d no se sac\u00f3 diferencias y empat\u00f3 1 a 1 con Independiente de Bol\u00edvar en condici\u00f3n de local<\/strong>.<\/p>\n<p>&nbsp;<\/p>\n<p><strong>Gervasio Pelaytay adelant\u00f3 al equipo de la avenida Pringles, en tanto que Sebasti\u00e1n Santilli anot\u00f3 el empate para los \u201cIndios\u201d<\/strong>. Por lo realizado en el primer tiempo Ferro mereci\u00f3 un poco m\u00e1s, sinti\u00f3 el cachetazo del empate porque lleg\u00f3 en su mejor momento y cosech\u00f3 un punto que todav\u00eda lo hace depender de s\u00ed mismo. <strong>Dentro de las pol\u00e9micas, hubo una clara mano dentro del \u00e1rea bolivarense que el \u00e1rbitro no advirti\u00f3 y que significaba tiro penal para el \u201cCarbonero\u201d<\/strong>.<\/p>\n<p>&nbsp;<\/p>\n<h6><strong>El partido, los detalles<\/strong><\/h6>\n<p>&nbsp;<\/p>\n<p>Fueron unos primeros cuarenta y cinco minutos favorables a Ferro porque se adue\u00f1o r\u00e1pido de la pelota y manej\u00f3 las riendas del partido, aunque las situaciones que gener\u00f3 no le causaron demasiados inconvenientes a Campos. Poco sucedi\u00f3 hasta los 17\u2019, donde el \u201cCarbonero\u201d avis\u00f3 primero con un oportuno derechazo cruzado de Pelaytay.<\/p>\n<p>&nbsp;<\/p>\n<p>Posteriormente, las dos jugadas m\u00e1s importantes para los de Diorio pasaron por los pies de San Juli\u00e1n. Primero a los 27\u2019 intent\u00f3 colocarla a un palo y m\u00e1s tarde 38\u2019 con un tiro libre que hizo estirar al \u201c1\u201d visitante. A su vez, la m\u00e1s peligrosa de Independiente la tuvo Chazarreta, con un bal\u00f3n detenido que pas\u00f3 cerquita del palo derecho cuando corr\u00edan 29\u2019 en el cron\u00f3metro.<\/p>\n<p>&nbsp;<\/p>\n\n<p>&nbsp;<\/p>\n<h6><strong>Pelaytay puso al \u201cCarbonero\u201d arriba<\/strong><\/h6>\n<p>Corr\u00edan 50\u2019 en el reloj cuando el ex El Fort\u00edn anot\u00f3 el primer grito de la tarde.<strong> Si bien la arm\u00f3 San Juli\u00e1n, el joven delantero aprovech\u00f3 una carambola y desde la \u201czona del 9\u201d la empuj\u00f3 a la red para el 1 a 0 transitorio de Ferro<\/strong>.<\/p>\n<p>&nbsp;<\/p>\n<p>El conjunto olavarriense fue por m\u00e1s despu\u00e9s del gol y los intensos chaparrones no fueron impedimento. La pol\u00e9mica llego a los 64\u2019, donde hubo una clara mano dentro del \u00e1rea del reci\u00e9n ingresado Gallo no advertida por el \u00e1rbitro y que significaba penal para Ferro.<\/p>\n<p>&nbsp;<\/p>\n<p>Durante el minuto 67\u2019\u2019, los \u201cIndios\u201d casi lo empataron en una clar\u00edsima situaci\u00f3n que no pudo capitalizar Gallo. Sin embargo, a los 71\u2019 arrib\u00f3 la igualdad para los \u201cIndios\u201d. Ya bajo una intensa lluvia (que hizo buscar resguardo a los simpatizantes presentes) <strong>Sebasti\u00e1n Santilli encontr\u00f3 oro de una las pocas que tuvo su equipo y pr\u00e1cticamente desde el \u00e1rea chica sac\u00f3 el remate para el 1 a 1 definitivo<\/strong>.<\/p>\n<p>&nbsp;<\/p>\n<p>Todo Ferro protest\u00f3 una supuesta posici\u00f3n adelantada que no fue y eso le cost\u00f3 las expulsiones de Zalazar (AC) y del \u201cChino\u201d Lindner en el banco de suplentes. M\u00e1s tarde, por doble amonestaci\u00f3n, se fue a las duchas Barros en el conjunto de Irastorza. Consecuentemente, la \u00faltima chance manifiesta del partido la tuvo el \u201cCarbonero\u201d con un cabezazo del \u201cCorto\u201d G\u00f3mez que dio en el travesa\u00f1o y se perdi\u00f3 por el fondo a los 78\u2019.<\/p>\n<p>&nbsp;<\/p>\n<p>A pesar del empate,<strong> Ferro contin\u00faa cuarto en la tabla de la Zona 3 con 13 puntos<\/strong> (igual que Independiente pero con +1 de diferencia de gol) <strong>y todav\u00eda depende de s\u00ed mismo, pero deber\u00e1 ganar en la \u00faltima fecha frente a Estrellas<\/strong> para lograr la clasificaci\u00f3n.<\/p>\n<p>&nbsp;<\/p>\n<p><em><strong>Fotos: Gentileza de Verito Fotograf\u00edas.<\/strong><\/em><\/p>\n<p>&nbsp;<\/p>\n<p><strong>S\u00edntesis Ferro Carril Sud \u2013 Independiente: \u00a0<\/strong><\/p>\n<p><strong>Ferro (1):<\/strong> Facundo Piecenti; Santiago S\u00e1enz Buruaga, Alan Ben\u00edtez, Mateo Tamagnini, Maximiliano Herrera (T. Andreu); Iv\u00e1n G\u00f3mez, Maximiliano Gargaglione, Emmanuel Sbardolini, Hilario Blanco (L. Lamela); Diego San Juli\u00e1n y Gervasio Pelaytay. DT: Miguel Diorio.<\/p>\n<p><strong>Independiente (1): <\/strong>Lucas Campos; Esteban L\u00f3pez, Alejandro Videla, Ariel Garc\u00eda, Nicol\u00e1s Perruelo; Santiago Andrade (G. Gallo), Agust\u00edn Barros, Braian Henderson, Gustavo Piccirillo; Sebasti\u00e1n Santilli y Alan Chazarreta (A. Rodr\u00edguez). DT: Gast\u00f3n Irastorza.<\/p>\n<p><strong>Goles<\/strong>: 5m. ST Gervasio Pelaytay (FCS) y 26m. ST Sebasti\u00e1n Santilli (I).<\/p>\n<p><strong>Amonestados<\/strong>: Gargaglione, Blanco, Ben\u00edtez, S\u00e1enz Buruaga, San Juli\u00e1n y Sbardolini (Ferro); Henderson, Chazarreta y Andrade (Independiente).<\/p>\n<p><strong>Expulsados<\/strong>: 28m. ST Franco Zalazar \u2013 AC \u2013 y Tom\u00e1s Lindner \u2013 banco de suplentes \u2013 (FCS); 33m. ST Agust\u00edn Barros (I).<\/p>\n<p><strong>\u00c1rbitro<\/strong>: Nicol\u00e1s Moreno. <strong>Estadio<\/strong>: Domingo F. Colasurdo.<\/p>\n<p><strong>Reserva:<\/strong> Ferro Carril Sud <strong>2 \u2013 1<\/strong> Independiente.<\/p>\n","protected":false},"excerpt":{"rendered":"<p>Bajo intensos chaparrones, sobre todo en el segundo tiempo, \u201cCarboneros\u201d e \u201cIndios\u201d empataron 1 a 1 en el c\u00e9sped del<\/p>\n","protected":false},"author":96739694,"featured_media":155388,"comment_status":"closed","ping_status":"closed","sticky":false,"template":"","format":"standard","meta":{"_jetpack_memberships_contains_paid_content":false,"footnotes":""},"categories":[35,1,41],"tags":[],"class_list":["post-138652","post","type-post","status-publish","format-standard","has-post-thumbnail","hentry","category-futbol","category-portada","category-primera-y-reserva"],"jetpack_featured_media_url":"https:\/\/i0.wp.com\/cdnoticias.com\/wp-content\/uploads\/2023\/05\/ferro-indep-1.jpeg?fit=1599%2C1066&ssl=1","jetpack_sharing_enabled":true,"_links":{"self":[{"href":"https:\/\/cdnoticias.com\/index.php\/wp-json\/wp\/v2\/posts\/138652","targetHints":{"allow":["GET"]}}],"collection":[{"href":"https:\/\/cdnoticias.com\/index.php\/wp-json\/wp\/v2\/posts"}],"about":[{"href":"https:\/\/cdnoticias.com\/index.php\/wp-json\/wp\/v2\/types\/post"}],"author":[{"embeddable":true,"href":"https:\/\/cdnoticias.com\/index.php\/wp-json\/wp\/v2\/users\/96739694"}],"replies":[{"embeddable":true,"href":"https:\/\/cdnoticias.com\/index.php\/wp-json\/wp\/v2\/comments?post=138652"}],"version-history":[{"count":0,"href":"https:\/\/cdnoticias.com\/index.php\/wp-json\/wp\/v2\/posts\/138652\/revisions"}],"wp:featuredmedia":[{"embeddable":true,"href":"https:\/\/cdnoticias.com\/index.php\/wp-json\/wp\/v2\/media\/155388"}],"wp:attachment":[{"href":"https:\/\/cdnoticias.com\/index.php\/wp-json\/wp\/v2\/media?parent=138652"}],"wp:term":[{"taxonomy":"category","embeddable":true,"href":"https:\/\/cdnoticias.com\/index.php\/wp-json\/wp\/v2\/categories?post=138652"},{"taxonomy":"post_tag","embeddable":true,"href":"https:\/\/cdnoticias.com\/index.php\/wp-json\/wp\/v2\/tags?post=138652"}],"curies":[{"name":"wp","href":"https:\/\/api.w.org\/{rel}","templated":true}]}}