{"id":138647,"date":"2023-05-20T21:24:43","date_gmt":"2023-05-21T00:24:43","guid":{"rendered":"http:\/\/centraldeportes.com.ar\/?p=35948"},"modified":"2025-02-11T17:16:16","modified_gmt":"2025-02-11T20:16:16","slug":"ferro-debuto-en-el-triangular-y-hubo-accion-en-todas-las-categorias","status":"publish","type":"post","link":"https:\/\/cdnoticias.com\/index.php\/2023\/05\/20\/ferro-debuto-en-el-triangular-y-hubo-accion-en-todas-las-categorias\/","title":{"rendered":"Ferro debut\u00f3 en el Triangular y hubo acci\u00f3n en todas las categor\u00edas"},"content":{"rendered":"<p>Con toda la actividad concentrada en el gimnasio Ricardo De la Vega, este s\u00e1bado las \u201cCarboneras\u201d disputaron la 1\u00b0 fecha del certamen amistoso frente a Rivadavia de Necochea. En Primera Divisi\u00f3n fue derrota por 59 a 56.<\/p>\n<p><!--more--><\/p>\n<hr \/>\n<p>Las cinco divisiones del <strong>b\u00e1squet femenino de Ferro Carril Sud<\/strong> celebraron este s\u00e1bado una jornada a puro b\u00e1squet con el desarrollo de la <strong>1\u00b0 fecha del Triangular amistoso<\/strong>, que tambi\u00e9n est\u00e1 integrado por El Nacional de Bah\u00eda Blanca.<\/p>\n<p>&nbsp;<\/p>\n<p>La actividad inici\u00f3 en horas de la ma\u00f1ana con el partido de Mini y se extendi\u00f3 hasta altas horas de la tarde, donde <strong>las \u201cCarboneras\u201d enfrentaron a Rivadavia de Necochea en todas las categor\u00edas<\/strong>.<\/p>\n<p>&nbsp;<\/p>\n<p><strong>En Primera Divisi\u00f3n fue derrota para las chicas de Ferro 59 a 56<\/strong> ante las necochenses. El partido inici\u00f3 cuesta arriba para el conjunto local y si bien corri\u00f3 por detr\u00e1s en el electr\u00f3nico, tuvo un buen segundo tiempo e incluso pudo haber cambiado la situaci\u00f3n en un entretenido \u00faltimo cuarto.<\/p>\n<p>&nbsp;<\/p>\n<p>El t\u00edtulo de goleadora del partido se dividi\u00f3 entre ambos elencos. Por un lado, <strong>Violeta Mondini se destac\u00f3 en el local con 19 unidades<\/strong>, mientras que en Rivadavia Delfina Brost la emul\u00f3 con la misma cantidad.<\/p>\n<p>&nbsp;<\/p>\n<p><strong>La pr\u00f3xima cita para Ferro ser\u00e1 el pr\u00f3ximo 3 de junio<\/strong> y disputar\u00e1 toda la actividad en Bah\u00eda Blanca frente a El Nacional. Luego cumplir\u00e1 fecha libre.<\/p>\n<p>&nbsp;<\/p>\n<p>[soliloquy id=&#8221;35951&#8243;]<\/p>\n<p>&nbsp;<\/p>\n<h6><strong>Todos los resultados:<\/strong><\/h6>\n<p><strong>Mini:<\/strong> Ferro 46 \u2013 42 Rivadavia<\/p>\n<p><strong>U13:<\/strong> Ferro 48 \u2013 23 Rivadavia<\/p>\n<p><strong>U15:<\/strong> Ferro 41 \u2013 45 Rivadavia<\/p>\n<p><strong>U17:<\/strong> Ferro 49 \u2013 50 Rivadavia<\/p>\n<p>&nbsp;<\/p>\n<p><strong>S\u00edntesis Ferro Carril Sud \u2013 Rivadavia<\/strong>:<\/p>\n<p>Estadio: De la Vega.<\/p>\n<p>\u00c1rbitros: Sebasti\u00e1n Serantes y Juan Rinc\u00f3n.<\/p>\n<p><strong>Ferro Carril Sud (56)<\/strong>: <strong>Rodr\u00edguez (18), Callegaro (5), Mondini (19), Mereles (6), Sak (2) \u2013 FI \u2013 Cananiz (2), Rom\u00e1n (0), Lozza (4). DT \u2013 Ramiro Bou.<\/strong><\/p>\n<p><strong>Rivadavia (59)<\/strong>: <strong>Losas (5), D\u00edaz (14), Escudero, P. (2), Perreti (14), Brost (19) \u2013 FI \u2013 Smanton (2), Gim\u00e9nez (0), Escudero, J. (3). DT \u2013 Alberto Pastrello.<\/strong><\/p>\n<p>Parciales: 17 \u2013 19; 25 \u2013 29; 41 \u2013 42 y 56 \u2013 59.<\/p>\n","protected":false},"excerpt":{"rendered":"<p>Con toda la actividad concentrada en el gimnasio Ricardo De la Vega, este s\u00e1bado las \u201cCarboneras\u201d disputaron la 1\u00b0 fecha<\/p>\n","protected":false},"author":96739694,"featured_media":155398,"comment_status":"closed","ping_status":"closed","sticky":false,"template":"","format":"standard","meta":{"_jetpack_memberships_contains_paid_content":false,"footnotes":""},"categories":[31,58,1],"tags":[],"class_list":["post-138647","post","type-post","status-publish","format-standard","has-post-thumbnail","hentry","category-basquet","category-femenino-basquet","category-portada"],"jetpack_featured_media_url":"https:\/\/i0.wp.com\/cdnoticias.com\/wp-content\/uploads\/2023\/05\/ferro-fem-2-1.jpg?fit=1280%2C853&ssl=1","jetpack_sharing_enabled":true,"_links":{"self":[{"href":"https:\/\/cdnoticias.com\/index.php\/wp-json\/wp\/v2\/posts\/138647","targetHints":{"allow":["GET"]}}],"collection":[{"href":"https:\/\/cdnoticias.com\/index.php\/wp-json\/wp\/v2\/posts"}],"about":[{"href":"https:\/\/cdnoticias.com\/index.php\/wp-json\/wp\/v2\/types\/post"}],"author":[{"embeddable":true,"href":"https:\/\/cdnoticias.com\/index.php\/wp-json\/wp\/v2\/users\/96739694"}],"replies":[{"embeddable":true,"href":"https:\/\/cdnoticias.com\/index.php\/wp-json\/wp\/v2\/comments?post=138647"}],"version-history":[{"count":0,"href":"https:\/\/cdnoticias.com\/index.php\/wp-json\/wp\/v2\/posts\/138647\/revisions"}],"wp:featuredmedia":[{"embeddable":true,"href":"https:\/\/cdnoticias.com\/index.php\/wp-json\/wp\/v2\/media\/155398"}],"wp:attachment":[{"href":"https:\/\/cdnoticias.com\/index.php\/wp-json\/wp\/v2\/media?parent=138647"}],"wp:term":[{"taxonomy":"category","embeddable":true,"href":"https:\/\/cdnoticias.com\/index.php\/wp-json\/wp\/v2\/categories?post=138647"},{"taxonomy":"post_tag","embeddable":true,"href":"https:\/\/cdnoticias.com\/index.php\/wp-json\/wp\/v2\/tags?post=138647"}],"curies":[{"name":"wp","href":"https:\/\/api.w.org\/{rel}","templated":true}]}}