{"id":138638,"date":"2023-05-19T19:14:56","date_gmt":"2023-05-19T22:14:56","guid":{"rendered":"http:\/\/centraldeportes.com.ar\/?p=35889"},"modified":"2025-02-11T17:13:50","modified_gmt":"2025-02-11T20:13:50","slug":"vernice-compitio-en-nordelta-y-demas-bataraces-en-escobar","status":"publish","type":"post","link":"https:\/\/cdnoticias.com\/index.php\/2023\/05\/19\/vernice-compitio-en-nordelta-y-demas-bataraces-en-escobar\/","title":{"rendered":"Vernice compiti\u00f3 en Nordelta y dem\u00e1s \u201cBataraces\u201d en Escobar"},"content":{"rendered":"<p>El pasado fin de semana se llevaron a cabo diversos selectivos y Agust\u00edn Vernice se present\u00f3 en Nordelta como preparaci\u00f3n para una nueva gira por Europa, mientras que los dem\u00e1s palistas del Club Estudiantes hicieron lo propio en Escobar.<!--more--><\/p>\n<hr \/>\n<p>Gran fin de semana para los palistas del Club Estudiantes que completaron un selectivo y la tercera fecha de Marat\u00f3n organizado por la Federaci\u00f3n de Bonaerense de Canoas y Kayaks.<\/p>\n<p>&nbsp;<\/p>\n<p>En Bel\u00e9n de Escobar y por la tercera fecha del certamen Marat\u00f3n, hubo una gran participaci\u00f3n de palistas de Estudiantes con dos podios conseguidos.<\/p>\n<p>&nbsp;<\/p>\n<p>Maitena Jorge fue segunda en Cadetes K1 \u2013 12 km y M\u00eda Pascua tambi\u00e9n se subi\u00f3 al segundo lugar en Junior Promocional 430 \u2013 4 km.<\/p>\n<p>&nbsp;<\/p>\n<p>Adem\u00e1s, dentro de la destacada actuaci\u00f3n el equipo de Estudiantes compuesto por Rafael Leaden, Santiago Moya y Ariel Rojo corri\u00f3 este domingo la Regata del Calaveras (24 km). El resto de los palistas participantes fueron: Gabriel Ferro, Alexis Ferro, Valentino Scipioni y Consuelo Mart\u00ednez.<\/p>\n<p>&nbsp;<\/p>\n<p>Por otro lado, en Nordelta Agust\u00edn Vernice gan\u00f3 el Selectivo en la previa de su viaje a Polonia.<\/p>\n<p>&nbsp;<\/p>\n<p>El deportista ol\u00edmpico enfrent\u00f3 a Agust\u00edn Ratto (equipo Sub 23) en la especialidad K1 1000 M y se qued\u00f3 con el triunfo en la previa de su viaje a Polonia donde competir\u00e1 el fin de semana del 26, 27 y 28 de mayo en la Copa del Mundo. All\u00ed ser\u00e1 de la partida en K1 1000 m, 500 m y 5000 m.<\/p>\n<p>&nbsp;<\/p>\n<p>Una vez finalizada la competencia, har\u00e1 una gira entre Espa\u00f1a, Bulgaria, Austria y Portugal donde concentrar\u00e1 sus entrenamientos de cara al Campeonato del Mundo de Alemania hacia finales de agosto donde iniciar\u00e1 la b\u00fasqueda de la clasificaci\u00f3n para los Juegos Ol\u00edmpicos de Par\u00eds 2024.<\/p>\n","protected":false},"excerpt":{"rendered":"<p>El pasado fin de semana se llevaron a cabo diversos selectivos y Agust\u00edn Vernice se present\u00f3 en Nordelta como preparaci\u00f3n<\/p>\n","protected":false},"author":96739694,"featured_media":155295,"comment_status":"closed","ping_status":"closed","sticky":false,"template":"","format":"standard","meta":{"_jetpack_memberships_contains_paid_content":false,"footnotes":""},"categories":[30,1],"tags":[],"class_list":["post-138638","post","type-post","status-publish","format-standard","has-post-thumbnail","hentry","category-polideportivo","category-portada"],"jetpack_featured_media_url":"https:\/\/i0.wp.com\/cdnoticias.com\/wp-content\/uploads\/2023\/05\/346630073_915444102845293_5176160462380174395_n-e1684529155366.jpg?fit=2032%2C1233&ssl=1","jetpack_sharing_enabled":true,"_links":{"self":[{"href":"https:\/\/cdnoticias.com\/index.php\/wp-json\/wp\/v2\/posts\/138638","targetHints":{"allow":["GET"]}}],"collection":[{"href":"https:\/\/cdnoticias.com\/index.php\/wp-json\/wp\/v2\/posts"}],"about":[{"href":"https:\/\/cdnoticias.com\/index.php\/wp-json\/wp\/v2\/types\/post"}],"author":[{"embeddable":true,"href":"https:\/\/cdnoticias.com\/index.php\/wp-json\/wp\/v2\/users\/96739694"}],"replies":[{"embeddable":true,"href":"https:\/\/cdnoticias.com\/index.php\/wp-json\/wp\/v2\/comments?post=138638"}],"version-history":[{"count":0,"href":"https:\/\/cdnoticias.com\/index.php\/wp-json\/wp\/v2\/posts\/138638\/revisions"}],"wp:featuredmedia":[{"embeddable":true,"href":"https:\/\/cdnoticias.com\/index.php\/wp-json\/wp\/v2\/media\/155295"}],"wp:attachment":[{"href":"https:\/\/cdnoticias.com\/index.php\/wp-json\/wp\/v2\/media?parent=138638"}],"wp:term":[{"taxonomy":"category","embeddable":true,"href":"https:\/\/cdnoticias.com\/index.php\/wp-json\/wp\/v2\/categories?post=138638"},{"taxonomy":"post_tag","embeddable":true,"href":"https:\/\/cdnoticias.com\/index.php\/wp-json\/wp\/v2\/tags?post=138638"}],"curies":[{"name":"wp","href":"https:\/\/api.w.org\/{rel}","templated":true}]}}