{"id":138626,"date":"2023-05-18T00:42:08","date_gmt":"2023-05-18T03:42:08","guid":{"rendered":"http:\/\/centraldeportes.com.ar\/?p=35831"},"modified":"2025-02-11T17:14:14","modified_gmt":"2025-02-11T20:14:14","slug":"bochas-olavarria-inauguro-el-campeonato-argentino-de-damas","status":"publish","type":"post","link":"https:\/\/cdnoticias.com\/index.php\/2023\/05\/18\/bochas-olavarria-inauguro-el-campeonato-argentino-de-damas\/","title":{"rendered":"Bochas: Olavarr\u00eda inaugur\u00f3 el Campeonato Argentino de Damas"},"content":{"rendered":"<p>El importante torneo de \u00edndole nacional fue presentado este mi\u00e9rcoles por la noche en el sal\u00f3n de fiestas del Club Pueblo Nuevo y se llevar\u00e1 a cabo desde el venidero 18 al 21 de mayo.<\/p>\n<p><!--more--><\/p>\n<hr \/>\n<p>Desde este jueves, Olavarr\u00eda albergar\u00e1 al <strong>Campeonato Argentino de Damas en Individual, Parejas y Tr\u00edos<\/strong>, que tendr\u00e1 la participaci\u00f3n de diecis\u00e9is delegaciones provenientes de diferentes puntos del pa\u00eds. Como ciudad anfitri\u00f3n, el certamen tendr\u00e1 acci\u00f3n en distintas canchas y<strong> se extender\u00e1 hasta el pr\u00f3ximo domingo 21 de mayo.<\/strong><\/p>\n<p>&nbsp;<\/p>\n<p>Cabe recordar que en representaci\u00f3n local, el equipo olavarriense a nombre de la Asociaci\u00f3n de Bochas de Olavarr\u00eda estar\u00e1 integrado por la ganadora del Selectivo Individual <strong>Mar\u00eda Victoria Ma\u00edz<\/strong> (Pueblo Nuevo), <strong>Andrea Fischer<\/strong> (Fort\u00edn Tradicionalista),<strong> Liliana Gelso<\/strong> (\u00c1lvaro Barros),<strong> \u00c9rica Quinteros<\/strong> (Pueblo Nuevo), <strong>Silvia Battiato<\/strong> (\u00c1lvaro Barros) y<strong> Vanesa Landoni<\/strong> (Fort\u00edn Tradicionalista). Adem\u00e1s<strong>, en el combinado de la provincia de Buenos Aires estar\u00e1n las olavarrienses Cecilia Esnal y Guadalupe Serantes<\/strong>.<\/p>\n<p>&nbsp;<\/p>\n<p>En paralelo, este mi\u00e9rcoles por la noche<strong> en el sal\u00f3n de fiestas del Club Pueblo Nuevo se llev\u00f3 adelante el lanzamiento del Argentino a trav\u00e9s de una conferencia de prensa<\/strong>, donde se anunci\u00f3 que la competencia ser\u00e1 en homenaje a Ra\u00fal Esnal, quien fuera campe\u00f3n de varios torneos representando a la ciudad.<\/p>\n<p>&nbsp;<\/p>\n<p>Encabezaron la reuni\u00f3n <strong>Ra\u00fal Quiros<\/strong>, presidente de la Confederaci\u00f3n Argentina de Bochas (CAB);<strong> Jos\u00e9 Gianolli<\/strong>, presidente de la Confederaci\u00f3n de Bochas de la provincia de Buenos Aires; <strong>Edgardo Dobler<\/strong>, presidente de la Asociaci\u00f3n de Bochas de Olavarr\u00eda, <strong>Marcelo Bravo<\/strong>, vicepresidente de la CAB y presidente de la Confederaci\u00f3n Panamericana; <strong>Oscar Gonz\u00e1lez<\/strong>, Director de Gesti\u00f3n Deportiva del Municipio; <strong>Mar\u00eda Victoria Ma\u00edz y Cecilia Esnal.<\/strong><\/p>\n<p>&nbsp;<\/p>\n<p>El primero en tomar la palabra fue Dobler, quien dio por iniciado el Campeonato y agradeci\u00f3 \u201c<strong><em>A todos los clubes de Olavarr\u00eda, principalmente a Pueblo Nuevo, Fort\u00edn Tradicionalista y \u00c1lvaro Barros, que son las principales entidades que nos prestan sus salones y siempre est\u00e1n dispuestos a colaborar con la Asociaci\u00f3n<\/em><\/strong>\u201d.<\/p>\n<p>&nbsp;<\/p>\n<p>En consecuencia, Quir\u00f3s se referi\u00f3 a Ra\u00fal Esnal y asegur\u00f3 que: \u201c<strong><em>Siempre es un gusto venir a Olavarr\u00eda<\/em><\/strong>\u201d. Adem\u00e1s agreg\u00f3: \u201c<em>Quiero felicitar a las Damas por ese carisma que tienen que las llevan a lograr los objetivos, no tengo dudas de que el torneo va a ser un \u00e9xito<\/em>\u201d, vaticin\u00f3.<\/p>\n<p>&nbsp;<\/p>\n<p>[soliloquy id=&#8221;35826&#8243;]<\/p>\n<p>&nbsp;<\/p>\n<p>Gianolli tambi\u00e9n brind\u00f3 sus palabras ante los presentes y destac\u00f3 el esfuerzo que conlleva la organizaci\u00f3n de un evento de semejantes caracter\u00edsticas. Asimismo, afirm\u00f3 que: \u201c<strong><em>Debemos visibilizar las bochas no solo en la provincia sino tambi\u00e9n en todo el pais<\/em><\/strong>\u201d.<\/p>\n<p>&nbsp;<\/p>\n<p>En representaci\u00f3n de la Municipalidad de Olavarr\u00eda, \u201cTito\u201d Gonz\u00e1lez valor\u00f3 todo el trabajo realizado y se mostr\u00f3 contento por la vuelta de Ma\u00edz y la participaci\u00f3n de Gudalupe Serantes. \u201c<strong><em>Estuvimos apoyando y vamos a seguir apostando a la proyecci\u00f3n de la disciplina a los m\u00e1s chicos. Ojal\u00e1 estemos a la altura de las circunstancias, vamos a tener bochas por mucho tiempo<\/em><\/strong>\u201d, asegur\u00f3 el Director de Gesti\u00f3n Deportiva.<\/p>\n<p>&nbsp;<\/p>\n<p>Por su parte, Mar\u00eda Victoria Ma\u00edz manifest\u00f3 que \u201c<strong><em>No es f\u00e1cil volver despu\u00e9s de cuatro a\u00f1os<\/em><\/strong>\u201d y adem\u00e1s dej\u00f3 en claro que: \u201c<strong><em>Hay muchas chicas que no ten\u00edan intenci\u00f3n de participar, pero dieron una mano grande en la organizaci\u00f3n. Estamos muy bien y listas para competir<\/em><\/strong>\u201d, finaliz\u00f3.<\/p>\n<p>&nbsp;<\/p>\n<p><strong>Programaci\u00f3n para este jueves<\/strong>:<\/p>\n<p>-Charla sobre igualdad de g\u00e9nero (13:00 horas).<\/p>\n<p>-Doble fecha de Tr\u00edos en \u00c1lvaro Barros (desde las 15:30 horas).<\/p>\n<p>-Torneo de Precisi\u00f3n en Pueblo Nuevo (20:00 horas).<\/p>\n","protected":false},"excerpt":{"rendered":"<p>El importante torneo de \u00edndole nacional fue presentado este mi\u00e9rcoles por la noche en el sal\u00f3n de fiestas del Club<\/p>\n","protected":false},"author":96739694,"featured_media":155320,"comment_status":"closed","ping_status":"closed","sticky":false,"template":"","format":"standard","meta":{"_jetpack_memberships_contains_paid_content":false,"footnotes":""},"categories":[30,1],"tags":[],"class_list":["post-138626","post","type-post","status-publish","format-standard","has-post-thumbnail","hentry","category-polideportivo","category-portada"],"jetpack_featured_media_url":"https:\/\/i0.wp.com\/cdnoticias.com\/wp-content\/uploads\/2023\/05\/bochas-1.jpeg?fit=1280%2C853&ssl=1","jetpack_sharing_enabled":true,"_links":{"self":[{"href":"https:\/\/cdnoticias.com\/index.php\/wp-json\/wp\/v2\/posts\/138626","targetHints":{"allow":["GET"]}}],"collection":[{"href":"https:\/\/cdnoticias.com\/index.php\/wp-json\/wp\/v2\/posts"}],"about":[{"href":"https:\/\/cdnoticias.com\/index.php\/wp-json\/wp\/v2\/types\/post"}],"author":[{"embeddable":true,"href":"https:\/\/cdnoticias.com\/index.php\/wp-json\/wp\/v2\/users\/96739694"}],"replies":[{"embeddable":true,"href":"https:\/\/cdnoticias.com\/index.php\/wp-json\/wp\/v2\/comments?post=138626"}],"version-history":[{"count":0,"href":"https:\/\/cdnoticias.com\/index.php\/wp-json\/wp\/v2\/posts\/138626\/revisions"}],"wp:featuredmedia":[{"embeddable":true,"href":"https:\/\/cdnoticias.com\/index.php\/wp-json\/wp\/v2\/media\/155320"}],"wp:attachment":[{"href":"https:\/\/cdnoticias.com\/index.php\/wp-json\/wp\/v2\/media?parent=138626"}],"wp:term":[{"taxonomy":"category","embeddable":true,"href":"https:\/\/cdnoticias.com\/index.php\/wp-json\/wp\/v2\/categories?post=138626"},{"taxonomy":"post_tag","embeddable":true,"href":"https:\/\/cdnoticias.com\/index.php\/wp-json\/wp\/v2\/tags?post=138626"}],"curies":[{"name":"wp","href":"https:\/\/api.w.org\/{rel}","templated":true}]}}