{"id":138622,"date":"2023-05-17T20:50:13","date_gmt":"2023-05-17T23:50:13","guid":{"rendered":"http:\/\/centraldeportes.com.ar\/?p=35802"},"modified":"2025-02-11T17:14:18","modified_gmt":"2025-02-11T20:14:18","slug":"golf-los-menores-tuvieron-torneo-y-un-nacional-los-mayores-jugaron-un-interclubes","status":"publish","type":"post","link":"https:\/\/cdnoticias.com\/index.php\/2023\/05\/17\/golf-los-menores-tuvieron-torneo-y-un-nacional-los-mayores-jugaron-un-interclubes\/","title":{"rendered":"Golf: los Menores tuvieron torneo y un Nacional, los Mayores jugaron un Interclubes"},"content":{"rendered":"<p>El pasado fin de semana, adem\u00e1s de la actividad habitual del Club Estudiantes, los representantes del \u201cBataraz\u201d tuvieron otras competencias.<!--more--><\/p>\n<hr \/>\n<p>Por el lado de los Menores, en San Nicol\u00e1s de Los Arroyos se realiz\u00f3 el segundo Torneo Nacional de Menores con presencia de jugadores del \u201cBata\u201d que representaron a la Federaci\u00f3n Regional de Golf del Sur y en el campo de golf local, en acompa\u00f1amiento al Torneo Memorial \u201cAlfredo Arroyo\u201d se jug\u00f3 un torneo de la Escuelita de Menores con 34 inscriptos.<\/p>\n<p>&nbsp;<\/p>\n<p>Los resultados:<\/p>\n<p>Categor\u00eda A:<br \/>\n1- Santiago Green\/Genaro Quiroga 28<br \/>\n2- St\u00e9fano Graselli\/Milo Jhons 30<br \/>\n3- Antonio Da Silva\/Laureano Dipino 30<br \/>\n4- Springer Uma\/Sebasti\u00e1n Jaureguizar Palahy 31<br \/>\n5- Benjam\u00edn Gonz\u00e1lez\/Benicio Troia 32<br \/>\n6- Arenas Felipe Salazar\/Franco Del Zotto 34<br \/>\n7- Tomas Ambroggi\/Ciro Carro 34<br \/>\n8- Bautista Odriozola\/Malena Orsi Di Giano 34<br \/>\n9- Santiago Jaureguizar Palahy\/Benjam\u00edn Kess 35<\/p>\n<p>Categor\u00eda B:<br \/>\n1- Iv\u00e1n Sequeira\/Tob\u00edas Fern\u00e1ndez 22<br \/>\n2- Bautista Broglia\/Giovanni Gerini 26<br \/>\n3- Dante Ezzio\/Francisco Doba\u00f1o 30<br \/>\n4- Eliseo Gonz\u00e1lez Hueso\/Lorenzo Casta\u00f1eda 35<br \/>\n5- Sol Isaza\/Candela Escudero 35<br \/>\n6- Rosario Arenas Salazar\/ Emilia Ezzio 35<br \/>\n7- Beltr\u00e1n Cimadamore\/Valentino Vernice 39<br \/>\n8- Milo Constantino\/Juan Ignacio Castro 39<\/p>\n<p>&nbsp;<\/p>\n<p>En lo que respecta a resultados en el certamen nacional, en la categor\u00eda M18, Conrado Gonz\u00e1lez Pini termin\u00f3 en la posici\u00f3n 62\u00b0 y Martiniano D\u00edaz Oviedo se ubic\u00f3 en la posici\u00f3n 65\u00b0, mientras que, en las Damas, Malena Bah\u00eda se ubic\u00f3 16\u00b0.<\/p>\n<p>&nbsp;<\/p>\n\n<p>&nbsp;<\/p>\n<p>Por otro lado, una delegaci\u00f3n local particip\u00f3 de un Interclubes con el Club de Pelota Golf de Coronel Pringles. Fue derrota 35 a 25, pero hubo varias distinciones.<\/p>\n<p>&nbsp;<\/p>\n<p>La mejor tarjeta fue para la dupla de Matharan-Arenas con -64, el Mejor Approach el de Alberto Duarte y el Best Drive para Francisco Schmal.<\/p>\n<p>&nbsp;<\/p>\n<p>El equipo estuvo compuesto por Mariano Ciancio, Ignacio Iturregui, Bernardo Ressia, Jos\u00e9 Urrutia , Emiliano Gonz\u00e1lez, Francisco Arenas, Federico Matharan, Alberto Duarte, Ramiro Derdoy, Tomas Bologna, Francisco Melo, Francisco Schmal, Pablo Belachur, Sergio Pavlicevick, Alejandro Lagleyze , Alvise Basegio, Rub\u00e9n Dattoli, Enrique Locatelli, y Marcelo Fabbi.<\/p>\n","protected":false},"excerpt":{"rendered":"<p>El pasado fin de semana, adem\u00e1s de la actividad habitual del Club Estudiantes, los representantes del \u201cBataraz\u201d tuvieron otras competencias.<\/p>\n","protected":false},"author":96739694,"featured_media":155326,"comment_status":"closed","ping_status":"closed","sticky":false,"template":"","format":"standard","meta":{"_jetpack_memberships_contains_paid_content":false,"footnotes":""},"categories":[30,1],"tags":[],"class_list":["post-138622","post","type-post","status-publish","format-standard","has-post-thumbnail","hentry","category-polideportivo","category-portada"],"jetpack_featured_media_url":"https:\/\/i0.wp.com\/cdnoticias.com\/wp-content\/uploads\/2023\/05\/golf-5-e1684363027410.jpeg?fit=1600%2C892&ssl=1","jetpack_sharing_enabled":true,"_links":{"self":[{"href":"https:\/\/cdnoticias.com\/index.php\/wp-json\/wp\/v2\/posts\/138622","targetHints":{"allow":["GET"]}}],"collection":[{"href":"https:\/\/cdnoticias.com\/index.php\/wp-json\/wp\/v2\/posts"}],"about":[{"href":"https:\/\/cdnoticias.com\/index.php\/wp-json\/wp\/v2\/types\/post"}],"author":[{"embeddable":true,"href":"https:\/\/cdnoticias.com\/index.php\/wp-json\/wp\/v2\/users\/96739694"}],"replies":[{"embeddable":true,"href":"https:\/\/cdnoticias.com\/index.php\/wp-json\/wp\/v2\/comments?post=138622"}],"version-history":[{"count":0,"href":"https:\/\/cdnoticias.com\/index.php\/wp-json\/wp\/v2\/posts\/138622\/revisions"}],"wp:featuredmedia":[{"embeddable":true,"href":"https:\/\/cdnoticias.com\/index.php\/wp-json\/wp\/v2\/media\/155326"}],"wp:attachment":[{"href":"https:\/\/cdnoticias.com\/index.php\/wp-json\/wp\/v2\/media?parent=138622"}],"wp:term":[{"taxonomy":"category","embeddable":true,"href":"https:\/\/cdnoticias.com\/index.php\/wp-json\/wp\/v2\/categories?post=138622"},{"taxonomy":"post_tag","embeddable":true,"href":"https:\/\/cdnoticias.com\/index.php\/wp-json\/wp\/v2\/tags?post=138622"}],"curies":[{"name":"wp","href":"https:\/\/api.w.org\/{rel}","templated":true}]}}