{"id":138602,"date":"2023-05-15T00:32:30","date_gmt":"2023-05-15T03:32:30","guid":{"rendered":"http:\/\/centraldeportes.com.ar\/?p=35656"},"modified":"2025-02-11T17:10:44","modified_gmt":"2025-02-11T20:10:44","slug":"torneo-interligas-la-duodecima-fecha-tuvo-accion-completa","status":"publish","type":"post","link":"https:\/\/cdnoticias.com\/index.php\/2023\/05\/15\/torneo-interligas-la-duodecima-fecha-tuvo-accion-completa\/","title":{"rendered":"Torneo Interligas: la duod\u00e9cima fecha tuvo acci\u00f3n completa"},"content":{"rendered":"<p>Con varios partidos disputados en la tarde de este domingo, finaliz\u00f3 otra jornada del campeonato organizado por la Uni\u00f3n Deportiva Regional que ya tiene a varios olavarrienses clasificados. <!--more--><\/p>\n<hr \/>\n<p>El certamen que re\u00fane a las<strong> ligas de Olavarr\u00eda, Azul, Bol\u00edvar y Laprida<\/strong> est\u00e1 entrando en la recta final de la primera ronda y en la tarde de <strong>este domingo se complet\u00f3 la duod\u00e9cima fecha del calendario<\/strong> que hab\u00eda dado comienzo el pasado s\u00e1bado con el cl\u00e1sico entre Independiente y Empleados. La pelota rod\u00f3 en varios escenarios de la Regi\u00f3n y se disputaron los 20 encuentros de la programaci\u00f3n.<\/p>\n<p>&nbsp;<\/p>\n<p>En la balanza de resultados para los representantes olavarrienses se registraron varias victorias.<strong> Este fin de semana festejaron Estudiantes, Racing, Hinojo y El Fort\u00edn<\/strong> en condici\u00f3n de visitante, mientras que<strong> Ferro y Municipales<\/strong> lo hicieron de local. A la par, <strong>San Mart\u00edn reparti\u00f3 puntos<\/strong> en su compromiso y<strong> hubo ca\u00eddas para Espigas, Sierra Chica, Loma Negra y Luj\u00e1n<\/strong>. Por su parte, <strong>Embajadores tuvo cupo de libre este fin de semana<\/strong>.<\/p>\n<p>&nbsp;<\/p>\n<p>Dentro de la n\u00f3mina <strong>ya hay varios equipos locales en la siguiente ronda del Interligas<\/strong>. Ellos son Estudiantes, Racing, El Fort\u00edn, Embajadores, Municipales e Hinojo.<\/p>\n<p>&nbsp;<\/p>\n<p>[soliloquy id=&#8221;35583&#8243;]<\/p>\n<p>&nbsp;<\/p>\n<h6><strong>Resultados:<\/strong><\/h6>\n<p>&nbsp;<\/p>\n<h6>En Primera<\/h6>\n<p>&nbsp;<\/p>\n<h6><strong>Zona 1:<\/strong><\/h6>\n<p><strong>Atl\u00e9tico Urdampilleta 1 \u2013 5 Estudiantes<\/strong> (Ram\u00f3n Galotti -2-, Franco Vignale -2- y Bruno Peralta)<\/p>\n<p><strong>Bull Dog<\/strong> (Joaqu\u00edn Encalado) <strong>1 \u2013 2 Racing<\/strong> (Olavarr\u00eda) (Diego Garabento y Ayrton Palmieri)<\/p>\n<p><strong>Bancario<\/strong> (Marcos C\u00f3rdoba -2-, Diego Palacios Mena -2- y Joaqu\u00edn Alb\u00edn) <strong>5 \u2013 2 Casariego<\/strong><\/p>\n<p>&nbsp;<\/p>\n<p><img data-recalc-dims=\"1\" loading=\"lazy\" decoding=\"async\" class=\"aligncenter size-full wp-image-35676\" src=\"https:\/\/i0.wp.com\/centraldeportes.com.ar\/wp-content\/uploads\/2023\/05\/12%C2%B0-Fecha-Primera-Posiciones-Zona-1.png?resize=792%2C324\" alt=\"\" width=\"792\" height=\"324\" \/><\/p>\n<p>&nbsp;<\/p>\n<h6><strong>Zona 2:<\/strong><\/h6>\n<p><strong>Alumni (Azul)<\/strong> (Facundo Parodi -2- y Cristian Blando) <strong>3 \u2013 1 V\u00e9lez<\/strong> (Facundo Z\u00e1rate)<\/p>\n<p><strong>Boca<\/strong> (Alexis Rodr\u00edguez y Facundo Panelo) <strong>2 \u2013 1 River<\/strong> (Lucas Medina)<\/p>\n<p><strong>Ciudad de Bol\u00edvar<\/strong> (Alfredo Troncoso -2-, Franco Su\u00e1rez y Mat\u00edas Rojo) <strong>4 \u2013 1 Azul Athletic<\/strong> (Gast\u00f3n Ledesma)<\/p>\n<p>Libre: Balonpi\u00e9.<\/p>\n<p>&nbsp;<\/p>\n<p><img data-recalc-dims=\"1\" loading=\"lazy\" decoding=\"async\" class=\"aligncenter size-full wp-image-35677\" src=\"https:\/\/i0.wp.com\/centraldeportes.com.ar\/wp-content\/uploads\/2023\/05\/12%C2%B0-Fecha-Primera-Posiciones-Zona-2.png?resize=785%2C367\" alt=\"\" width=\"785\" height=\"367\" \/><\/p>\n<p>&nbsp;<\/p>\n<p><strong>Zona 3:<\/strong><\/p>\n<p><strong>Estrellas de Juventud<\/strong> (Braian Ledesma) <strong>1 \u2013 5 El Fort\u00edn<\/strong> (Emiliano Piecenti, Gustavo Tolosa, Axel Arce, Yoel Gonz\u00e1lez y Sebasti\u00e1n Rodr\u00edguez)<\/p>\n<p><strong>Independiente (Bol\u00edvar)<\/strong> (Sebasti\u00e1n Santilli) <strong>1 \u2013 2 Empleados de Comercio<\/strong> (Franco Iberra y Manuel Ducasse)<\/p>\n<p><strong>Ferro Carril Sud<\/strong> (Rodrigo Garro e Iv\u00e1n G\u00f3mez)<strong> 2 \u2013 1 Sportivo Piazza<\/strong> (Iv\u00e1n Pasgal)<\/p>\n<p>Libre: San Jos\u00e9.<\/p>\n<p>&nbsp;<\/p>\n<p><img data-recalc-dims=\"1\" loading=\"lazy\" decoding=\"async\" class=\"aligncenter size-full wp-image-35678\" src=\"https:\/\/i0.wp.com\/centraldeportes.com.ar\/wp-content\/uploads\/2023\/05\/12%C2%B0-Fecha-Primera-Posiciones-Zona-3.png?resize=792%2C379\" alt=\"\" width=\"792\" height=\"379\" \/><\/p>\n<p>&nbsp;<\/p>\n<h6><strong>Zona 4:<\/strong><\/h6>\n<p><strong>Cemento Armado<\/strong> (Mateo Yozzi -2- y Tom\u00e1s Tourne) <strong>3 \u2013 2 Sarmiento<\/strong> (Tapalqu\u00e9) (Hern\u00e1n Trueba y Ram\u00f3n Fern\u00e1ndez)<\/p>\n<p><strong>Atl\u00e9tico Tapalqu\u00e9<\/strong> (Facundo Buceta y Lucas Garasi) <strong>2 \u2013 2 Porte\u00f1o<\/strong> (Juan Fern\u00e1ndez y Rodrigo Montesano)<\/p>\n<p><strong>Chacarita<\/strong> (Diego Vidal, Mat\u00edas Alustiza -3-, Agust\u00edn Cos -2-, Cristian Vera, Justino Borra y Joaqu\u00edn Guti\u00e9rrez)<strong> 9 \u2013 0 Luj\u00e1n<\/strong><\/p>\n<p>Libre: Embajadores.<\/p>\n<p>&nbsp;<\/p>\n<p><img data-recalc-dims=\"1\" loading=\"lazy\" decoding=\"async\" class=\"aligncenter size-full wp-image-35679\" src=\"https:\/\/i0.wp.com\/centraldeportes.com.ar\/wp-content\/uploads\/2023\/05\/12%C2%B0-Fecha-Primera-Posiciones-Zona-4.png?resize=793%2C368\" alt=\"\" width=\"793\" height=\"368\" \/><\/p>\n<p>&nbsp;<\/p>\n<h6><strong>Zona 5:<\/strong><\/h6>\n<p><strong>San Mart\u00edn<\/strong> (Lisandro Colo y Braian Tello) <strong>2 \u2013 2 Independiente (Chillar)<\/strong> (Emanuel Nievas -2-)<\/p>\n<p><strong>Lil\u00e1n<\/strong> (Enzo Linares y Braian Rodr\u00edguez)<strong> 2 \u2013 1 Jorge Newbery<\/strong> (Ricardo Regalado)<\/p>\n<p><strong>Municipales<\/strong> (Carlos Ruschetti, Franco Janson y Diego Ca\u00f1ete) <strong>3 \u2013 0 Loma Negra<\/strong><\/p>\n<p><strong>Juventud<\/strong> (Francisco Barraza, H\u00e9ctor Parrella y Tom\u00e1s Celis) <strong>3 \u2013 1 Platense<\/strong> (Tom\u00e1s Mend\u00eda)<\/p>\n<p>&nbsp;<\/p>\n<p><img data-recalc-dims=\"1\" loading=\"lazy\" decoding=\"async\" class=\"aligncenter size-full wp-image-35680\" src=\"https:\/\/i0.wp.com\/centraldeportes.com.ar\/wp-content\/uploads\/2023\/05\/12%C2%B0-Fecha-Primera-Posiciones-Zona-5.png?resize=792%2C410\" alt=\"\" width=\"792\" height=\"410\" \/><\/p>\n<p>&nbsp;<\/p>\n<h6><strong>Zona 6:<\/strong><\/h6>\n<p><strong>Espigas 0 \u2013 2 Deportivo Barracas<\/strong> (Agust\u00edn Marconi y Rodrigo Orellano)<\/p>\n<p><strong>Alumni<\/strong> (Benito Ju\u00e1rez) (Rodrigo Elorriaga y Adolfo El\u00eda) <strong>2 \u2013 4 Hinojo<\/strong> (Lucas Montoya -2- y Nicol\u00e1s Arce -2-)<\/p>\n<p><strong>Ingeniero Newbery<\/strong> (Diego Popp y Franco Gonz\u00e1lez)<strong> 2 \u2013 1 Sierra Chica<\/strong> (N\u00e9stor Arena)<\/p>\n<p><strong>San Jorge<\/strong> (Juan Jos\u00e9 Fern\u00e1ndez) <strong>1 \u2013 2 Racing (La Madrid)<\/strong> (Dylan Arce y Francisco G\u00f3mez)<\/p>\n<p>&nbsp;<\/p>\n<p><img data-recalc-dims=\"1\" loading=\"lazy\" decoding=\"async\" class=\"aligncenter size-full wp-image-35681\" src=\"https:\/\/i0.wp.com\/centraldeportes.com.ar\/wp-content\/uploads\/2023\/05\/12%C2%B0-Fecha-Primera-Posiciones-Zona-6.png?resize=792%2C405\" alt=\"\" width=\"792\" height=\"405\" \/><\/p>\n<p>&nbsp;<\/p>\n<h6>En Reserva:<\/h6>\n<p>&nbsp;<\/p>\n<h6><strong>Zona 1:<\/strong><\/h6>\n<p>Atl\u00e9tico Urdampilleta <strong>0 \u2013 2<\/strong> Estudiantes<\/p>\n<p>Bull Dog <strong>1 \u2013 4<\/strong> Racing (Olavarr\u00eda)<\/p>\n<p>Bancario <strong>0 \u2013 1<\/strong> Casariego<\/p>\n<p>&nbsp;<\/p>\n<p><img data-recalc-dims=\"1\" loading=\"lazy\" decoding=\"async\" class=\"aligncenter size-full wp-image-35683\" src=\"https:\/\/i0.wp.com\/centraldeportes.com.ar\/wp-content\/uploads\/2023\/05\/12%C2%B0-Fecha-Reserva-Posiciones-Zona-1.png?resize=792%2C324\" alt=\"\" width=\"792\" height=\"324\" \/><\/p>\n<p>&nbsp;<\/p>\n<h6><strong>Zona 2:<\/strong><\/h6>\n<p>Alumni (Azul) <strong>2 \u2013 2<\/strong> V\u00e9lez<\/p>\n<p>Boca <strong>1 \u2013 0<\/strong> River<\/p>\n<p>Libre: Balonpi\u00e9 y Azul Athletic.<\/p>\n<p>&nbsp;<\/p>\n<p><img data-recalc-dims=\"1\" loading=\"lazy\" decoding=\"async\" class=\"aligncenter size-full wp-image-35684\" src=\"https:\/\/i0.wp.com\/centraldeportes.com.ar\/wp-content\/uploads\/2023\/05\/12%C2%B0-Fecha-Reserva-Posiciones-Zona-2.png?resize=788%2C326\" alt=\"\" width=\"788\" height=\"326\" \/><\/p>\n<p>&nbsp;<\/p>\n<h6><strong>Zona 3:<\/strong><\/h6>\n<p>Estrellas de Juventud <strong>1 \u2013 4<\/strong> El Fort\u00edn<\/p>\n<p>Independiente (Bol\u00edvar) <strong>1 \u2013 1<\/strong> Empleados de Comercio<\/p>\n<p>Ferro Carril Sud <strong>2 \u2013 1<\/strong> Sportivo Piazza<\/p>\n<p>Libre: San Jos\u00e9.<\/p>\n<p>&nbsp;<\/p>\n<p><img data-recalc-dims=\"1\" loading=\"lazy\" decoding=\"async\" class=\"aligncenter size-full wp-image-35685\" src=\"https:\/\/i0.wp.com\/centraldeportes.com.ar\/wp-content\/uploads\/2023\/05\/12%C2%B0-Fecha-Reserva-Posiciones-Zona-3.png?resize=788%2C377\" alt=\"\" width=\"788\" height=\"377\" \/><\/p>\n<p>&nbsp;<\/p>\n<h6><strong>Zona 4:<\/strong><\/h6>\n<p>Cemento Armado<strong> 2 \u2013 3<\/strong> Sarmiento (Tapalqu\u00e9)<\/p>\n<p>Atl\u00e9tico Tapalqu\u00e9 <strong>2 \u2013 6<\/strong> Porte\u00f1o<\/p>\n<p>Chacarita <strong>6 \u2013 0<\/strong> Luj\u00e1n<\/p>\n<p>Libre: Embajadores.<\/p>\n<p>&nbsp;<\/p>\n<p><img data-recalc-dims=\"1\" loading=\"lazy\" decoding=\"async\" class=\"aligncenter size-full wp-image-35686\" src=\"https:\/\/i0.wp.com\/centraldeportes.com.ar\/wp-content\/uploads\/2023\/05\/12%C2%B0-Fecha-Reserva-Posiciones-Zona-4.png?resize=790%2C368\" alt=\"\" width=\"790\" height=\"368\" \/><\/p>\n<p>&nbsp;<\/p>\n<h6><strong>Zona 5:<\/strong><\/h6>\n<p>San Mart\u00edn <strong>2 \u2013 2<\/strong> Independiente (Chillar)<\/p>\n<p>Lil\u00e1n<strong> 6 \u2013 2<\/strong> Jorge Newbery<\/p>\n<p>Municipales <strong>1 \u2013 0<\/strong> Loma Negra<\/p>\n<p>Juventud <strong>0 \u2013 0<\/strong> Platense<\/p>\n<p>&nbsp;<\/p>\n<p><img data-recalc-dims=\"1\" loading=\"lazy\" decoding=\"async\" class=\"aligncenter size-full wp-image-35687\" src=\"https:\/\/i0.wp.com\/centraldeportes.com.ar\/wp-content\/uploads\/2023\/05\/12%C2%B0-Fecha-Reserva-Posiciones-Zona-5.png?resize=788%2C397\" alt=\"\" width=\"788\" height=\"397\" \/><\/p>\n<p>&nbsp;<\/p>\n<h6><strong>Zona 6:<\/strong><\/h6>\n<p>Espigas <strong>2 \u2013 1<\/strong> Deportivo Barracas<\/p>\n<p>Alumni (Benito Ju\u00e1rez) <strong>0 \u2013 0<\/strong> Hinojo<\/p>\n<p>Ingeniero Newbery <strong>2 \u2013 4<\/strong> Sierra Chica<\/p>\n<p>San Jorge <strong>0 \u2013 2<\/strong> Racing (La Madrid)<\/p>\n<p>&nbsp;<\/p>\n<p><img data-recalc-dims=\"1\" loading=\"lazy\" decoding=\"async\" class=\"aligncenter size-full wp-image-35688\" src=\"https:\/\/i0.wp.com\/centraldeportes.com.ar\/wp-content\/uploads\/2023\/05\/12%C2%B0-Fecha-Reserva-Posiciones-Zona-6.png?resize=790%2C406\" alt=\"\" width=\"790\" height=\"406\" \/><\/p>\n","protected":false},"excerpt":{"rendered":"<p>Con varios partidos disputados en la tarde de este domingo, finaliz\u00f3 otra jornada del campeonato organizado por la Uni\u00f3n Deportiva<\/p>\n","protected":false},"author":96739694,"featured_media":155267,"comment_status":"closed","ping_status":"closed","sticky":false,"template":"","format":"standard","meta":{"_jetpack_memberships_contains_paid_content":false,"footnotes":""},"categories":[35,1,41],"tags":[],"class_list":["post-138602","post","type-post","status-publish","format-standard","has-post-thumbnail","hentry","category-futbol","category-portada","category-primera-y-reserva"],"jetpack_featured_media_url":"https:\/\/i0.wp.com\/cdnoticias.com\/wp-content\/uploads\/2023\/05\/municipales-loma-negra-2.jpeg?fit=1280%2C853&ssl=1","jetpack_sharing_enabled":true,"_links":{"self":[{"href":"https:\/\/cdnoticias.com\/index.php\/wp-json\/wp\/v2\/posts\/138602","targetHints":{"allow":["GET"]}}],"collection":[{"href":"https:\/\/cdnoticias.com\/index.php\/wp-json\/wp\/v2\/posts"}],"about":[{"href":"https:\/\/cdnoticias.com\/index.php\/wp-json\/wp\/v2\/types\/post"}],"author":[{"embeddable":true,"href":"https:\/\/cdnoticias.com\/index.php\/wp-json\/wp\/v2\/users\/96739694"}],"replies":[{"embeddable":true,"href":"https:\/\/cdnoticias.com\/index.php\/wp-json\/wp\/v2\/comments?post=138602"}],"version-history":[{"count":0,"href":"https:\/\/cdnoticias.com\/index.php\/wp-json\/wp\/v2\/posts\/138602\/revisions"}],"wp:featuredmedia":[{"embeddable":true,"href":"https:\/\/cdnoticias.com\/index.php\/wp-json\/wp\/v2\/media\/155267"}],"wp:attachment":[{"href":"https:\/\/cdnoticias.com\/index.php\/wp-json\/wp\/v2\/media?parent=138602"}],"wp:term":[{"taxonomy":"category","embeddable":true,"href":"https:\/\/cdnoticias.com\/index.php\/wp-json\/wp\/v2\/categories?post=138602"},{"taxonomy":"post_tag","embeddable":true,"href":"https:\/\/cdnoticias.com\/index.php\/wp-json\/wp\/v2\/tags?post=138602"}],"curies":[{"name":"wp","href":"https:\/\/api.w.org\/{rel}","templated":true}]}}