{"id":138601,"date":"2023-05-15T00:25:34","date_gmt":"2023-05-15T03:25:34","guid":{"rendered":"http:\/\/centraldeportes.com.ar\/?p=35610"},"modified":"2025-02-11T17:10:49","modified_gmt":"2025-02-11T20:10:49","slug":"riciutti-laborda-fucci-matta-y-villamayor-matta-las-parejas-vencedoras-en-el-amco","status":"publish","type":"post","link":"https:\/\/cdnoticias.com\/index.php\/2023\/05\/15\/riciutti-laborda-fucci-matta-y-villamayor-matta-las-parejas-vencedoras-en-el-amco\/","title":{"rendered":"Riciutti-Laborda, Fucci-Matta y Villamayor-Matta las parejas vencedoras en el Amco"},"content":{"rendered":"<p>Esteban Ricciuti y Mart\u00edn Labora festejaron en la Monomarca 1100, Bernardo Fucci y Nicol\u00e1s Matta fueron contundentes en la Promocional. La Copa VW gol tuvo su mejor fin de semana con 18 autos y Nicol\u00e1s Villamayor gan\u00f3 tambi\u00e9n junto a Nicol\u00e1s Matta. El Turismo Sport del Sudeste estuvo presente con un flojo parque y Dar\u00edo Pasquini fue el ganador.<!--more--><\/p>\n<hr \/>\n<p>La \u201cCarrera del medio mill\u00f3n\u201d o los 100 km de APPS, como se suele conocer a la competencia especial con pilotos invitados de las categor\u00edas zonales del Sudeste, se desarroll\u00f3 este fin de semana en el aut\u00f3dromo \u201cHermanos Emiliozzi\u201d, ante un gran marco de p\u00fablico y en una jornada a pleno sol.<\/p>\n<p>&nbsp;<\/p>\n<p>Esteban Riciutti fue a lo seguro y se anot\u00f3 a Mart\u00edn Laborda, uno de los m\u00e1s ganadores en este tipo de carreras, y le dio resultado. Gran trabajo de Esteban en su final para ser segundo detr\u00e1s de Nicol\u00e1s Benito, pero Mart\u00edn Laborda hizo todo bien entre los invitados y le sac\u00f3 la diferencia necesaria a Emiliano Juez (tripulaba el auto de Benito), para quedarse con la victoria en la suma de tiempos.<\/p>\n<p>&nbsp;<\/p>\n<p>[soliloquy id=&#8221;35612&#8243;]<\/p>\n<p>&nbsp;<\/p>\n<p>Con la victoria de Benito y el segundo lugar de Juez este binomio se qued\u00f3 con el segundo puesto en la general. Gran trabajo de Sebasti\u00e1n Cipres, que fue tercero entre los invitados y le dio el podio en la general a Facundo Medina.<\/p>\n<p>&nbsp;<\/p>\n<p>Cuarto en la general fue el binomio Facundo \u00c1lvarez &#8211; Juan Fern\u00e1ndez, quintos Daniel Albano &#8211; Yamil Sequi, sexto Bernardo Linares \u2013 Alan Wagner, s\u00e9ptimo Mart\u00edn Zald\u00faa &#8211; C\u00e9sar Zald\u00faa y octavo Ezequiel Tagua &#8211; Pablo Saffarano, los que terminaron con el total de vueltas.<\/p>\n<p>&nbsp;<\/p>\n<p>En la Promocional nadie pudo con el binomio Bernardo Fucci y Nicol\u00e1s Matta, ganaron cada uno de sus finales y no dejaron lugar a dudas en la suma de tiempos, fueron los grandes ganadores del domingo. Entre los titulares, detr\u00e1s de Fucci arrib\u00f3 segundo Mart\u00edn Benaglia, tercero Pendas, cuarto Stracquadaini y quinto Gisler.<\/p>\n<p>&nbsp;<\/p>\n<p>A la hora de los invitados, detr\u00e1s de Matta arrib\u00f3 Juan Jos\u00e9 Cassou que hizo una gran carrera recuper\u00e1ndose de un trompo, y le alcanz\u00f3 para ser, por suma de tiempos, octavos en la general junto a Gonzalo Gisler.<\/p>\n<p>&nbsp;<\/p>\n<p>Mart\u00edn Benaglia le entreg\u00f3 su auto a Carlos Rom\u00e1n en el segundo lugar, y este pudo hacer una carrera inteligente que le permiti\u00f3 arribar tercero y ser segundos de la general. Pendas y Maggi, ambos con producciones parejas sumaron el tercer mejor tiempo de la clasificaci\u00f3n general y festejaron en el podio.<\/p>\n<p>&nbsp;<\/p>\n<p>Cuartos fueron Brian y Rafael Stracquadaini, quintos Novillo \u2013 Castej\u00f3n, sextos Latorre \u2013 Juez, s\u00e9ptimos Gelso \u2013 Vivarelli, octavos Gisler \u2013 Casssou, novenos Tartuferi-Masson y d\u00e9cimos Mangieri \u2013 Laborda.<\/p>\n<p>&nbsp;<\/p>\n<p>[soliloquy id=&#8221;35613&#8243;]<\/p>\n<p>&nbsp;<\/p>\n<p>En la Copa VW Gol Nicol\u00e1s Villamayor y nuevamente Nicol\u00e1s Matta se quedaron con el triunfo en la general. Villamayor arrib\u00f3 segundo en la final de titulares, mientras que el piloto de Azul fue cuarto entre los invitados y juntos se aseguraron el mejor tiempo de la general.<\/p>\n<p>&nbsp;<\/p>\n<p>Mart\u00edn Collodoro gan\u00f3 entre los titulares, segundo fue Villamayor, tercero Mirko Stremel, cuarto Eduardo Leonetti, y quinto Mat\u00edas Errobidart.<\/p>\n<p>&nbsp;<\/p>\n<p>A la hora de los invitados, Nicol\u00e1s Benito fue el ganador con el VW Gol de Fausto V\u00e1zquez, pero este hab\u00eda abandonado en su final. En esta final, Mart\u00edn Laborda fue segundo con la unidad de Emiliano Juez y esto les permiti\u00f3 ser segundos en la general. Tercero entre los invitados arrib\u00f3 Guido Vernice con el VW Gol de Pablo Coniglio, y de este modo se subieron al \u00faltimo escal\u00f3n del podio en la general.<\/p>\n<p>&nbsp;<\/p>\n<p>Manuel Mentasty con Manuel Serra y Guillermo Grierson con Marcelo Alburquerque completaron los cinco mejores de la general.<\/p>\n<p>&nbsp;<\/p>\n<p>Por \u00faltimo, el Turismo Sport del Sudeste tuvo su final, aunque el parque fue uno de los peores del a\u00f1o, s\u00f3lo cinco autos completaron la final. Dar\u00edo Pasquini se qued\u00f3 con la victoria, segundo arrib\u00f3 Juan Mar\u00eda Mantelli y tercero Jos\u00e9 Fern\u00e1ndez. Cuarto arrib\u00f3 Mario Dom\u00ednguez y quinto Miguel G\u00f3mez.<\/p>\n","protected":false},"excerpt":{"rendered":"<p>Esteban Ricciuti y Mart\u00edn Labora festejaron en la Monomarca 1100, Bernardo Fucci y Nicol\u00e1s Matta fueron contundentes en la Promocional.<\/p>\n","protected":false},"author":96739694,"featured_media":155269,"comment_status":"closed","ping_status":"closed","sticky":false,"template":"","format":"standard","meta":{"_jetpack_memberships_contains_paid_content":false,"footnotes":""},"categories":[51,34,1],"tags":[],"class_list":["post-138601","post","type-post","status-publish","format-standard","has-post-thumbnail","hentry","category-apps","category-automovilismo","category-portada"],"jetpack_featured_media_url":"https:\/\/i0.wp.com\/cdnoticias.com\/wp-content\/uploads\/2023\/05\/amco-39.jpeg?fit=1384%2C923&ssl=1","jetpack_sharing_enabled":true,"_links":{"self":[{"href":"https:\/\/cdnoticias.com\/index.php\/wp-json\/wp\/v2\/posts\/138601","targetHints":{"allow":["GET"]}}],"collection":[{"href":"https:\/\/cdnoticias.com\/index.php\/wp-json\/wp\/v2\/posts"}],"about":[{"href":"https:\/\/cdnoticias.com\/index.php\/wp-json\/wp\/v2\/types\/post"}],"author":[{"embeddable":true,"href":"https:\/\/cdnoticias.com\/index.php\/wp-json\/wp\/v2\/users\/96739694"}],"replies":[{"embeddable":true,"href":"https:\/\/cdnoticias.com\/index.php\/wp-json\/wp\/v2\/comments?post=138601"}],"version-history":[{"count":0,"href":"https:\/\/cdnoticias.com\/index.php\/wp-json\/wp\/v2\/posts\/138601\/revisions"}],"wp:featuredmedia":[{"embeddable":true,"href":"https:\/\/cdnoticias.com\/index.php\/wp-json\/wp\/v2\/media\/155269"}],"wp:attachment":[{"href":"https:\/\/cdnoticias.com\/index.php\/wp-json\/wp\/v2\/media?parent=138601"}],"wp:term":[{"taxonomy":"category","embeddable":true,"href":"https:\/\/cdnoticias.com\/index.php\/wp-json\/wp\/v2\/categories?post=138601"},{"taxonomy":"post_tag","embeddable":true,"href":"https:\/\/cdnoticias.com\/index.php\/wp-json\/wp\/v2\/tags?post=138601"}],"curies":[{"name":"wp","href":"https:\/\/api.w.org\/{rel}","templated":true}]}}