{"id":138594,"date":"2023-05-13T21:44:16","date_gmt":"2023-05-14T00:44:16","guid":{"rendered":"http:\/\/centraldeportes.com.ar\/?p=35543"},"modified":"2025-02-11T17:10:59","modified_gmt":"2025-02-11T20:10:59","slug":"ciclismo-en-la-pista-municipal-gano-diego-martin","status":"publish","type":"post","link":"https:\/\/cdnoticias.com\/index.php\/2023\/05\/13\/ciclismo-en-la-pista-municipal-gano-diego-martin\/","title":{"rendered":"Ciclismo en la pista municipal: gan\u00f3 Diego Mart\u00edn"},"content":{"rendered":"<p>Este s\u00e1bado y con la organizaci\u00f3n de la Uni\u00f3n de Ciclistas Olavarrienses se llev\u00f3 a cabo un nuevo festival y en la prueba principal, el triunfo fue para Diego Mart\u00edn.<!--more--><\/p>\n<hr \/>\n<p>Volvieron las carreras al \u00f3valo \u201cHumberto \u00c1ngel Corradi\u201d y aprovechando la soleada jornada sabatina hubo un nutrido grupo de ciclistas que compitieron.<\/p>\n<p>&nbsp;<\/p>\n<p>En la categor\u00eda Libre, Diego Mart\u00edn fue el ganador y en Infantiles participaron Nicolas Damico, Brenda Galvan, Britany Bustos, Franchesca Louge y Alma Di Martino.<\/p>\n<p>&nbsp;<\/p>\n<p>Los resultados:<\/p>\n<p>Libre<br \/>\n1\u00b0 Diego Martin<br \/>\n2\u00b0 Diego Navas<br \/>\n3\u00b0 Carlos Piazza<br \/>\n4\u00b0 Guido Santa Cruz<br \/>\n5\u00b0 Facundo Dumereuf<br \/>\n6\u00b0 Rafael Erripa<\/p>\n<p>M\u00e1ster C<br \/>\n1\u00b0 Carlos Piazza<br \/>\n2\u00b0 Rafael Erripa<br \/>\n3\u00b0 Oscar Valetutto<\/p>\n<p>Debutantes<br \/>\n1\u00b0 Franco Bermay<br \/>\n2\u00b0 Agust\u00edn Rodolfo<br \/>\n3\u00b0 Marcelo Vicente<br \/>\n4\u00b0 Marcos Damiano<br \/>\n5\u00b0 Carlos Roldan<\/p>\n<p>Promocionales Menores<br \/>\n1\u00b0 Mariano Almada<br \/>\n2\u00b0 Martin Azimonti<br \/>\n3\u00b0 Adri\u00e1n Castro<br \/>\n4\u00b0 Mateo Baccilotti<br \/>\n5\u00b0 Dami\u00e1n Sal\u00edas<\/p>\n<p>Promocionales Mayores<br \/>\n1\u00b0 Miguel Aguirre<br \/>\n2\u00b0Fernando Arias<br \/>\n3\u00b0 Luciano Ferro<br \/>\n4\u00b0 Roberto Guevara<br \/>\n5\u00b0 Walter San Martin<\/p>\n","protected":false},"excerpt":{"rendered":"<p>Este s\u00e1bado y con la organizaci\u00f3n de la Uni\u00f3n de Ciclistas Olavarrienses se llev\u00f3 a cabo un nuevo festival y<\/p>\n","protected":false},"author":96739694,"featured_media":155285,"comment_status":"closed","ping_status":"closed","sticky":false,"template":"","format":"standard","meta":{"_jetpack_memberships_contains_paid_content":false,"footnotes":""},"categories":[30,1],"tags":[],"class_list":["post-138594","post","type-post","status-publish","format-standard","has-post-thumbnail","hentry","category-polideportivo","category-portada"],"jetpack_featured_media_url":"https:\/\/i0.wp.com\/cdnoticias.com\/wp-content\/uploads\/2023\/04\/ciclismo-19.jpeg?fit=1500%2C1000&ssl=1","jetpack_sharing_enabled":true,"_links":{"self":[{"href":"https:\/\/cdnoticias.com\/index.php\/wp-json\/wp\/v2\/posts\/138594","targetHints":{"allow":["GET"]}}],"collection":[{"href":"https:\/\/cdnoticias.com\/index.php\/wp-json\/wp\/v2\/posts"}],"about":[{"href":"https:\/\/cdnoticias.com\/index.php\/wp-json\/wp\/v2\/types\/post"}],"author":[{"embeddable":true,"href":"https:\/\/cdnoticias.com\/index.php\/wp-json\/wp\/v2\/users\/96739694"}],"replies":[{"embeddable":true,"href":"https:\/\/cdnoticias.com\/index.php\/wp-json\/wp\/v2\/comments?post=138594"}],"version-history":[{"count":0,"href":"https:\/\/cdnoticias.com\/index.php\/wp-json\/wp\/v2\/posts\/138594\/revisions"}],"wp:featuredmedia":[{"embeddable":true,"href":"https:\/\/cdnoticias.com\/index.php\/wp-json\/wp\/v2\/media\/155285"}],"wp:attachment":[{"href":"https:\/\/cdnoticias.com\/index.php\/wp-json\/wp\/v2\/media?parent=138594"}],"wp:term":[{"taxonomy":"category","embeddable":true,"href":"https:\/\/cdnoticias.com\/index.php\/wp-json\/wp\/v2\/categories?post=138594"},{"taxonomy":"post_tag","embeddable":true,"href":"https:\/\/cdnoticias.com\/index.php\/wp-json\/wp\/v2\/tags?post=138594"}],"curies":[{"name":"wp","href":"https:\/\/api.w.org\/{rel}","templated":true}]}}