{"id":138581,"date":"2023-05-12T01:00:58","date_gmt":"2023-05-12T04:00:58","guid":{"rendered":"http:\/\/centraldeportes.com.ar\/?p=35397"},"modified":"2025-02-11T17:09:21","modified_gmt":"2025-02-11T20:09:21","slug":"copa-argentina-pedro-de-la-vega-llego-a-los-cien-partidos-con-lanus","status":"publish","type":"post","link":"https:\/\/cdnoticias.com\/index.php\/2023\/05\/12\/copa-argentina-pedro-de-la-vega-llego-a-los-cien-partidos-con-lanus\/","title":{"rendered":"Copa Argentina: Pedro De la Vega lleg\u00f3 a los cien partidos con Lan\u00fas"},"content":{"rendered":"<p>Adem\u00e1s del hito del olavarriense, el \u201cGranate\u201d derrot\u00f3 a Sol de Mayo y avanz\u00f3 a los diecis\u00e9isavos del certamen m\u00e1s federal del pa\u00eds.<!--more--><\/p>\n<hr \/>\n<p>Prosiguieron los cruces mata-mata de la <strong>Copa Argentina<\/strong> y en la noche de este jueves fue el turno del <strong>Lan\u00fas<\/strong> de \u201cPepo\u201d De la Vega. En instancias de 32avos de final,<strong> el \u201cGranate\u201d enfrent\u00f3 a Sol de Mayo de Viedma<\/strong> (Federal A) y se impuso sin sobresaltos en el estadio de Estudiantes de Caseros.<\/p>\n<p>&nbsp;<\/p>\n<p>Con los tantos de <strong>Cristian Lema<\/strong>, <strong>Mat\u00edas Esquivel<\/strong> <strong>y<\/strong> el eterno goleador <strong>Jos\u00e9 Sand<\/strong>, <strong>el equipo de Kudelka derrot\u00f3 3 a 1 a los rionegrinos<\/strong> y accedi\u00f3 a los diecis\u00e9isavos de final de la competencia.<\/p>\n<p>&nbsp;<\/p>\n<p>La novedad de la noche es que <strong>con su presencia, Pedro De la Vega lleg\u00f3 a los cien partidos con el Club Atl\u00e9tico Lan\u00fas<\/strong>. El delantero olavarriense comenz\u00f3 el compromiso desde el once inicial, estrell\u00f3 tiro de cabeza en el travesa\u00f1o a los 21\u2019 y logr\u00f3 completar todo el encuentro.<\/p>\n<p>&nbsp;<\/p>\n<p>Con este resultado, el \u201cGranate\u201d comenz\u00f3 con el pie derecho la primera ronda del torneo y <strong>en la pr\u00f3xima etapa enfrentar\u00e1 a Col\u00f3n de Santa Fe<\/strong>.<\/p>\n<p>&nbsp;<\/p>\n<p><em><strong>Foto: Club Lan\u00fas.<\/strong><\/em><\/p>\n","protected":false},"excerpt":{"rendered":"<p>Adem\u00e1s del hito del olavarriense, el \u201cGranate\u201d derrot\u00f3 a Sol de Mayo y avanz\u00f3 a los diecis\u00e9isavos del certamen m\u00e1s<\/p>\n","protected":false},"author":96739694,"featured_media":155179,"comment_status":"closed","ping_status":"closed","sticky":false,"template":"","format":"standard","meta":{"_jetpack_memberships_contains_paid_content":false,"footnotes":""},"categories":[35,37,1],"tags":[],"class_list":["post-138581","post","type-post","status-publish","format-standard","has-post-thumbnail","hentry","category-futbol","category-futbol-profesional","category-portada"],"jetpack_featured_media_url":"https:\/\/i0.wp.com\/cdnoticias.com\/wp-content\/uploads\/2023\/05\/Pedro-De-la-Vega-Lan%C3%BAs-Copa-Argentina-32avos.jpeg?fit=1600%2C1067&ssl=1","jetpack_sharing_enabled":true,"_links":{"self":[{"href":"https:\/\/cdnoticias.com\/index.php\/wp-json\/wp\/v2\/posts\/138581","targetHints":{"allow":["GET"]}}],"collection":[{"href":"https:\/\/cdnoticias.com\/index.php\/wp-json\/wp\/v2\/posts"}],"about":[{"href":"https:\/\/cdnoticias.com\/index.php\/wp-json\/wp\/v2\/types\/post"}],"author":[{"embeddable":true,"href":"https:\/\/cdnoticias.com\/index.php\/wp-json\/wp\/v2\/users\/96739694"}],"replies":[{"embeddable":true,"href":"https:\/\/cdnoticias.com\/index.php\/wp-json\/wp\/v2\/comments?post=138581"}],"version-history":[{"count":0,"href":"https:\/\/cdnoticias.com\/index.php\/wp-json\/wp\/v2\/posts\/138581\/revisions"}],"wp:featuredmedia":[{"embeddable":true,"href":"https:\/\/cdnoticias.com\/index.php\/wp-json\/wp\/v2\/media\/155179"}],"wp:attachment":[{"href":"https:\/\/cdnoticias.com\/index.php\/wp-json\/wp\/v2\/media?parent=138581"}],"wp:term":[{"taxonomy":"category","embeddable":true,"href":"https:\/\/cdnoticias.com\/index.php\/wp-json\/wp\/v2\/categories?post=138581"},{"taxonomy":"post_tag","embeddable":true,"href":"https:\/\/cdnoticias.com\/index.php\/wp-json\/wp\/v2\/tags?post=138581"}],"curies":[{"name":"wp","href":"https:\/\/api.w.org\/{rel}","templated":true}]}}