{"id":138572,"date":"2023-05-11T12:20:24","date_gmt":"2023-05-11T15:20:24","guid":{"rendered":"http:\/\/centraldeportes.com.ar\/?p=35343"},"modified":"2025-02-11T17:09:40","modified_gmt":"2025-02-11T20:09:40","slug":"boxeo-el-fortin-se-prepara-para-el-tercer-festival-del-ano","status":"publish","type":"post","link":"https:\/\/cdnoticias.com\/index.php\/2023\/05\/11\/boxeo-el-fortin-se-prepara-para-el-tercer-festival-del-ano\/","title":{"rendered":"Boxeo: El Fort\u00edn se prepara para el tercer festival del a\u00f1o"},"content":{"rendered":"<p>En la tarde de este mi\u00e9rcoles se llev\u00f3 a cabo la conferencia lanzamiento del tercer festival de boxeo del a\u00f1o en instalaciones del Club El Fort\u00edn organizado por Carlos L\u00f3pez y con la fiscalizaci\u00f3n de la Municipalidad de Boxeo de Olavarr\u00eda.<\/p>\n<p><!--more--><\/p>\n<hr \/>\n<p>En instalaciones del gimnasio del Barrio Mataderos se llev\u00f3 a cabo el lanzamiento de una nueva velada box\u00edstica que dar\u00e1 inicio a las 20:00 con varias exhibiciones y finalizar\u00e1 pasada la medianoche con un duelo de promesas.<\/p>\n<p>&nbsp;<\/p>\n<p>El ring en el sal\u00f3n de fiestas del Club El Fort\u00edn recibir\u00e1 a boxeadores de las 7 escuelas olavarrienses y llegar\u00e1n tambi\u00e9n p\u00fagiles de Tandil, San Bernardo, Bah\u00eda Blanca, Balcarce y Capital Federal.<\/p>\n<p>&nbsp;<\/p>\n<p>En la velada de fondo, en la categor\u00eda Hasta 75 kilos, Kevin G\u00f3mez de Balcarce y sus 18 KO en 23 peleas enfrentar\u00e1n a Santiago Leiva de Francisco Solano que es integrante de la Selecci\u00f3n Argentina Amateur de Boxeo con m\u00e1s de 40 peleas.<\/p>\n<p>&nbsp;<\/p>\n<p>Las entradas anticipadas ya se encuentran a la venta y tambi\u00e9n se podr\u00e1n adquirir en la puerta del sal\u00f3n.<\/p>\n<p>&nbsp;<\/p>\n<p>La programaci\u00f3n:<br \/>\nTom\u00e1s Macchi (San Bernardo) vs N\u00e9stor Yapura (Capital Federal)<br \/>\nAlan Collado (Olavarr\u00eda) vs Lautaro Pedrocini (Bah\u00eda Blanca)<br \/>\nSof\u00eda Olivetto (Olavarr\u00eda) vs Abril Varela (San Bernardo)<br \/>\nBruno Mar\u00edn (Olavarr\u00eda) vs Kevin Mujica (Balcarce)<br \/>\nTom\u00e1s Coca (Olavarr\u00eda) vs Mateo Palmieri (Sierras Bayas)<br \/>\nRosa Berm\u00fadez (Olavarr\u00eda) vs Giselle Garc\u00eda (San Bernardo)<br \/>\nTom\u00e1s Kuhn (Hinojo) vs Valent\u00edn Ricciuto (Bah\u00eda Blanca)<br \/>\nIsa\u00edas Olivetto (Olavarr\u00eda) vs Cristian cavia (Hinojo)<br \/>\nSemifondo:<br \/>\nAxel C\u00f3rdoba (Tandil) vs Joaqu\u00edn Barreira (Capital Federal)<br \/>\nFondo<br \/>\nKevin \u201cBam Bam\u201d G\u00f3mez (Balcarce) vs Santiago Leyva (Capital Federal)<\/p>\n","protected":false},"excerpt":{"rendered":"<p>En la tarde de este mi\u00e9rcoles se llev\u00f3 a cabo la conferencia lanzamiento del tercer festival de boxeo del a\u00f1o<\/p>\n","protected":false},"author":96739694,"featured_media":155200,"comment_status":"closed","ping_status":"closed","sticky":false,"template":"","format":"standard","meta":{"_jetpack_memberships_contains_paid_content":false,"footnotes":""},"categories":[30,1],"tags":[],"class_list":["post-138572","post","type-post","status-publish","format-standard","has-post-thumbnail","hentry","category-polideportivo","category-portada"],"jetpack_featured_media_url":"https:\/\/i0.wp.com\/cdnoticias.com\/wp-content\/uploads\/2023\/05\/WhatsApp-Image-2023-05-10-at-20.04.51-e1683818414412.jpeg?fit=1600%2C892&ssl=1","jetpack_sharing_enabled":true,"_links":{"self":[{"href":"https:\/\/cdnoticias.com\/index.php\/wp-json\/wp\/v2\/posts\/138572","targetHints":{"allow":["GET"]}}],"collection":[{"href":"https:\/\/cdnoticias.com\/index.php\/wp-json\/wp\/v2\/posts"}],"about":[{"href":"https:\/\/cdnoticias.com\/index.php\/wp-json\/wp\/v2\/types\/post"}],"author":[{"embeddable":true,"href":"https:\/\/cdnoticias.com\/index.php\/wp-json\/wp\/v2\/users\/96739694"}],"replies":[{"embeddable":true,"href":"https:\/\/cdnoticias.com\/index.php\/wp-json\/wp\/v2\/comments?post=138572"}],"version-history":[{"count":0,"href":"https:\/\/cdnoticias.com\/index.php\/wp-json\/wp\/v2\/posts\/138572\/revisions"}],"wp:featuredmedia":[{"embeddable":true,"href":"https:\/\/cdnoticias.com\/index.php\/wp-json\/wp\/v2\/media\/155200"}],"wp:attachment":[{"href":"https:\/\/cdnoticias.com\/index.php\/wp-json\/wp\/v2\/media?parent=138572"}],"wp:term":[{"taxonomy":"category","embeddable":true,"href":"https:\/\/cdnoticias.com\/index.php\/wp-json\/wp\/v2\/categories?post=138572"},{"taxonomy":"post_tag","embeddable":true,"href":"https:\/\/cdnoticias.com\/index.php\/wp-json\/wp\/v2\/tags?post=138572"}],"curies":[{"name":"wp","href":"https:\/\/api.w.org\/{rel}","templated":true}]}}