{"id":138559,"date":"2023-05-09T17:08:54","date_gmt":"2023-05-09T20:08:54","guid":{"rendered":"http:\/\/centraldeportes.com.ar\/?p=35250"},"modified":"2025-02-11T17:05:41","modified_gmt":"2025-02-11T20:05:41","slug":"agustin-herrera-presento-su-ford-focus-para-el-turismo-nacional","status":"publish","type":"post","link":"https:\/\/cdnoticias.com\/index.php\/2023\/05\/09\/agustin-herrera-presento-su-ford-focus-para-el-turismo-nacional\/","title":{"rendered":"Agust\u00edn Herrera present\u00f3 su Ford Focus para el Turismo Nacional"},"content":{"rendered":"<p>El \u201cChapul\u00edn\u201d se presentar\u00e1 el fin de semana del 28 de mayo en el Aut\u00f3dromo General San Mart\u00edn de Comodoro Rivadavia.<!--more--><\/p>\n<hr \/>\n<p>Este martes, a primera hora de la tarde,<strong> Agust\u00edn Herrera public\u00f3 a trav\u00e9s de su cuenta de instagram el Ford Focus con el que competir\u00e1 en la Clase 3 del Turismo Nacional<\/strong>. El mismo pertenece a la estructura de Gabriel Rodr\u00edguez.<\/p>\n<p>&nbsp;<\/p>\n<div class=\"tiled-gallery type-rectangular tiled-gallery-unresized\" data-original-width=\"800\" data-carousel-extra='null' itemscope itemtype=\"http:\/\/schema.org\/ImageGallery\" > <div class=\"gallery-row\" style=\"width: 800px; height: 268px;\" data-original-width=\"800\" data-original-height=\"268\" > <div class=\"gallery-group images-1\" style=\"width: 400px; height: 268px;\" data-original-width=\"400\" data-original-height=\"268\" > <div class=\"tiled-gallery-item tiled-gallery-item-large\" itemprop=\"associatedMedia\" itemscope itemtype=\"http:\/\/schema.org\/ImageObject\"> <a href=\"https:\/\/i0.wp.com\/cdnoticias.com\/wp-content\/uploads\/2021\/10\/WhatsApp-Image-2021-10-12-at-19.10.17.jpeg?ssl=1\" border=\"0\" itemprop=\"url\"> <meta itemprop=\"width\" content=\"396\"> <meta itemprop=\"height\" content=\"264\"> <img decoding=\"async\" class=\"\" data-attachment-id=\"35253\" data-orig-file=\"https:\/\/cdnoticias.com\/wp-content\/uploads\/2021\/10\/WhatsApp-Image-2021-10-12-at-19.10.17.jpeg\" data-orig-size=\"1152,768\" data-comments-opened=\"\" data-image-meta=\"{&quot;aperture&quot;:&quot;0&quot;,&quot;credit&quot;:&quot;&quot;,&quot;camera&quot;:&quot;&quot;,&quot;caption&quot;:&quot;&quot;,&quot;created_timestamp&quot;:&quot;0&quot;,&quot;copyright&quot;:&quot;&quot;,&quot;focal_length&quot;:&quot;0&quot;,&quot;iso&quot;:&quot;0&quot;,&quot;shutter_speed&quot;:&quot;0&quot;,&quot;title&quot;:&quot;&quot;,&quot;orientation&quot;:&quot;0&quot;}\" data-image-title=\"WhatsApp Image 2021-10-12 at 19.10.17\" data-image-description=\"\" data-medium-file=\"https:\/\/i0.wp.com\/cdnoticias.com\/wp-content\/uploads\/2021\/10\/WhatsApp-Image-2021-10-12-at-19.10.17.jpeg?fit=300%2C200&#038;ssl=1\" data-large-file=\"https:\/\/i0.wp.com\/cdnoticias.com\/wp-content\/uploads\/2021\/10\/WhatsApp-Image-2021-10-12-at-19.10.17.jpeg?fit=800%2C534&#038;ssl=1\" src=\"https:\/\/i0.wp.com\/cdnoticias.com\/wp-content\/uploads\/2021\/10\/WhatsApp-Image-2021-10-12-at-19.10.17.jpeg?w=396&#038;h=264&#038;ssl=1\" srcset=\"https:\/\/i0.wp.com\/cdnoticias.com\/wp-content\/uploads\/2021\/10\/WhatsApp-Image-2021-10-12-at-19.10.17.jpeg?w=1152&amp;ssl=1 1152w, https:\/\/i0.wp.com\/cdnoticias.com\/wp-content\/uploads\/2021\/10\/WhatsApp-Image-2021-10-12-at-19.10.17.jpeg?resize=300%2C200&amp;ssl=1 300w, https:\/\/i0.wp.com\/cdnoticias.com\/wp-content\/uploads\/2021\/10\/WhatsApp-Image-2021-10-12-at-19.10.17.jpeg?resize=768%2C512&amp;ssl=1 768w, https:\/\/i0.wp.com\/cdnoticias.com\/wp-content\/uploads\/2021\/10\/WhatsApp-Image-2021-10-12-at-19.10.17.jpeg?resize=1024%2C683&amp;ssl=1 1024w, https:\/\/i0.wp.com\/cdnoticias.com\/wp-content\/uploads\/2021\/10\/WhatsApp-Image-2021-10-12-at-19.10.17.jpeg?resize=272%2C182&amp;ssl=1 272w\" width=\"396\" height=\"264\" loading=\"lazy\" data-original-width=\"396\" data-original-height=\"264\" itemprop=\"http:\/\/schema.org\/image\" title=\"WhatsApp Image 2021-10-12 at 19.10.17\" alt=\"WhatsApp Image 2021-10-12 at 19.10.17\" style=\"width: 396px; height: 264px;\" \/> <\/a> <\/div> <\/div> <!-- close group --> <div class=\"gallery-group images-1\" style=\"width: 400px; height: 268px;\" data-original-width=\"400\" data-original-height=\"268\" > <div class=\"tiled-gallery-item tiled-gallery-item-large\" itemprop=\"associatedMedia\" itemscope itemtype=\"http:\/\/schema.org\/ImageObject\"> <a href=\"https:\/\/i0.wp.com\/cdnoticias.com\/wp-content\/uploads\/2021\/10\/WhatsApp-Image-2021-10-12-at-19.10.18.jpeg?ssl=1\" border=\"0\" itemprop=\"url\"> <meta itemprop=\"width\" content=\"396\"> <meta itemprop=\"height\" content=\"264\"> <img decoding=\"async\" class=\"\" data-attachment-id=\"35252\" data-orig-file=\"https:\/\/cdnoticias.com\/wp-content\/uploads\/2021\/10\/WhatsApp-Image-2021-10-12-at-19.10.18.jpeg\" data-orig-size=\"1152,768\" data-comments-opened=\"\" data-image-meta=\"{&quot;aperture&quot;:&quot;0&quot;,&quot;credit&quot;:&quot;&quot;,&quot;camera&quot;:&quot;&quot;,&quot;caption&quot;:&quot;&quot;,&quot;created_timestamp&quot;:&quot;0&quot;,&quot;copyright&quot;:&quot;&quot;,&quot;focal_length&quot;:&quot;0&quot;,&quot;iso&quot;:&quot;0&quot;,&quot;shutter_speed&quot;:&quot;0&quot;,&quot;title&quot;:&quot;&quot;,&quot;orientation&quot;:&quot;0&quot;}\" data-image-title=\"WhatsApp Image 2021-10-12 at 19.10.18\" data-image-description=\"\" data-medium-file=\"https:\/\/i0.wp.com\/cdnoticias.com\/wp-content\/uploads\/2021\/10\/WhatsApp-Image-2021-10-12-at-19.10.18.jpeg?fit=300%2C200&#038;ssl=1\" data-large-file=\"https:\/\/i0.wp.com\/cdnoticias.com\/wp-content\/uploads\/2021\/10\/WhatsApp-Image-2021-10-12-at-19.10.18.jpeg?fit=800%2C534&#038;ssl=1\" src=\"https:\/\/i0.wp.com\/cdnoticias.com\/wp-content\/uploads\/2021\/10\/WhatsApp-Image-2021-10-12-at-19.10.18.jpeg?w=396&#038;h=264&#038;ssl=1\" srcset=\"https:\/\/i0.wp.com\/cdnoticias.com\/wp-content\/uploads\/2021\/10\/WhatsApp-Image-2021-10-12-at-19.10.18.jpeg?w=1152&amp;ssl=1 1152w, https:\/\/i0.wp.com\/cdnoticias.com\/wp-content\/uploads\/2021\/10\/WhatsApp-Image-2021-10-12-at-19.10.18.jpeg?resize=300%2C200&amp;ssl=1 300w, https:\/\/i0.wp.com\/cdnoticias.com\/wp-content\/uploads\/2021\/10\/WhatsApp-Image-2021-10-12-at-19.10.18.jpeg?resize=768%2C512&amp;ssl=1 768w, https:\/\/i0.wp.com\/cdnoticias.com\/wp-content\/uploads\/2021\/10\/WhatsApp-Image-2021-10-12-at-19.10.18.jpeg?resize=1024%2C683&amp;ssl=1 1024w, https:\/\/i0.wp.com\/cdnoticias.com\/wp-content\/uploads\/2021\/10\/WhatsApp-Image-2021-10-12-at-19.10.18.jpeg?resize=272%2C182&amp;ssl=1 272w\" width=\"396\" height=\"264\" loading=\"lazy\" data-original-width=\"396\" data-original-height=\"264\" itemprop=\"http:\/\/schema.org\/image\" title=\"WhatsApp Image 2021-10-12 at 19.10.18\" alt=\"WhatsApp Image 2021-10-12 at 19.10.18\" style=\"width: 396px; height: 264px;\" \/> <\/a> <\/div> <\/div> <!-- close group --> <\/div> <!-- close row --> <\/div>\n<p>&nbsp;<\/p>\n<p>A la par, el piloto olavarriense debutar\u00e1 en la temporada 2023 el <strong>fin de semana del 28 de mayo<\/strong>, donde la categor\u00eda estar\u00e1 celebrando la 5\u00b0 fecha del campeonato en el trazado de Comodoro Rivadavia. Seg\u00fan anticip\u00f3 el \u201cChapul\u00edn\u201d, \u201c<strong><em>la idea es probar el mismo jueves de la carrera en el circuito<\/em><\/strong>\u201d.<\/p>\n<p>&nbsp;<\/p>\n<p>Herrera <strong>aclar\u00f3 adem\u00e1s que se baja definitivamente del TC Pista<\/strong> y que este pr\u00f3ximo fin de semana <strong>estar\u00e1 corriendo como invitado de Nicol\u00e1s Romero en la Monomarca 1100<\/strong> en los \u201c100 kil\u00f3metros de APPS\u201d.<\/p>\n<p>&nbsp;<\/p>\n<p><em><strong>Fotos: Agust\u00edn Herrera.<\/strong><\/em><\/p>\n","protected":false},"excerpt":{"rendered":"<p>El \u201cChapul\u00edn\u201d se presentar\u00e1 el fin de semana del 28 de mayo en el Aut\u00f3dromo General San Mart\u00edn de Comodoro<\/p>\n","protected":false},"author":96739694,"featured_media":155118,"comment_status":"closed","ping_status":"closed","sticky":false,"template":"","format":"standard","meta":{"_jetpack_memberships_contains_paid_content":false,"footnotes":""},"categories":[34,1],"tags":[],"class_list":["post-138559","post","type-post","status-publish","format-standard","has-post-thumbnail","hentry","category-automovilismo","category-portada"],"jetpack_featured_media_url":"https:\/\/i0.wp.com\/cdnoticias.com\/wp-content\/uploads\/2023\/05\/Agust%C3%ADn-Herrera-Focus-C3.jpeg?fit=1080%2C646&ssl=1","jetpack_sharing_enabled":true,"_links":{"self":[{"href":"https:\/\/cdnoticias.com\/index.php\/wp-json\/wp\/v2\/posts\/138559","targetHints":{"allow":["GET"]}}],"collection":[{"href":"https:\/\/cdnoticias.com\/index.php\/wp-json\/wp\/v2\/posts"}],"about":[{"href":"https:\/\/cdnoticias.com\/index.php\/wp-json\/wp\/v2\/types\/post"}],"author":[{"embeddable":true,"href":"https:\/\/cdnoticias.com\/index.php\/wp-json\/wp\/v2\/users\/96739694"}],"replies":[{"embeddable":true,"href":"https:\/\/cdnoticias.com\/index.php\/wp-json\/wp\/v2\/comments?post=138559"}],"version-history":[{"count":0,"href":"https:\/\/cdnoticias.com\/index.php\/wp-json\/wp\/v2\/posts\/138559\/revisions"}],"wp:featuredmedia":[{"embeddable":true,"href":"https:\/\/cdnoticias.com\/index.php\/wp-json\/wp\/v2\/media\/155118"}],"wp:attachment":[{"href":"https:\/\/cdnoticias.com\/index.php\/wp-json\/wp\/v2\/media?parent=138559"}],"wp:term":[{"taxonomy":"category","embeddable":true,"href":"https:\/\/cdnoticias.com\/index.php\/wp-json\/wp\/v2\/categories?post=138559"},{"taxonomy":"post_tag","embeddable":true,"href":"https:\/\/cdnoticias.com\/index.php\/wp-json\/wp\/v2\/tags?post=138559"}],"curies":[{"name":"wp","href":"https:\/\/api.w.org\/{rel}","templated":true}]}}