{"id":138556,"date":"2023-05-09T15:11:48","date_gmt":"2023-05-09T18:11:48","guid":{"rendered":"http:\/\/centraldeportes.com.ar\/?p=35238"},"modified":"2025-02-11T17:05:45","modified_gmt":"2025-02-11T20:05:45","slug":"presencias-olavarrienses-en-el-provincial-de-padel","status":"publish","type":"post","link":"https:\/\/cdnoticias.com\/index.php\/2023\/05\/09\/presencias-olavarrienses-en-el-provincial-de-padel\/","title":{"rendered":"Presencias olavarrienses en el Provincial de p\u00e1del"},"content":{"rendered":"<p>La competencia se llev\u00f3 a cabo en Necochea y participaron alrededor de 20 parejas de la Acop. El certamen fue organizado por la Federaci\u00f3n Argentina de P\u00e1del.<\/p>\n<p><!--more--><\/p>\n<hr \/>\n<p>Este fin de semana 20 parejas olavarriense compitieron en el primer Provincial de Libres de la Federaci\u00f3n Argentina de P\u00e1del que se desarroll\u00f3 en Necochea.<\/p>\n<p>&nbsp;<\/p>\n<p>Fue la primera fecha puntuable clasificatoria al Nacional Argentino, que se va a desarrollar en la ciudad de Mar del Plata. Dentro de los resultados destacados, Lucio Llorente obtuvo el subcampeonato.<\/p>\n<p>&nbsp;<\/p>\n<p><img data-recalc-dims=\"1\" loading=\"lazy\" decoding=\"async\" class=\"aligncenter size-large wp-image-35239\" src=\"https:\/\/i0.wp.com\/centraldeportes.com.ar\/wp-content\/uploads\/2023\/05\/WhatsApp-Image-2023-05-09-at-14.33.27-e1683655877364-1024x571.jpeg?resize=800%2C446\" alt=\"\" width=\"800\" height=\"446\" \/><\/p>\n<p>&nbsp;<\/p>\n<p>La segunda presentaci\u00f3n se disputar\u00e1 en Olavarr\u00eda el 9,10 y 11 de julio. Certamen ser\u00e1 organizado por la Acop.<\/p>\n","protected":false},"excerpt":{"rendered":"<p>La competencia se llev\u00f3 a cabo en Necochea y participaron alrededor de 20 parejas de la Acop. El certamen fue<\/p>\n","protected":false},"author":96739694,"featured_media":155124,"comment_status":"closed","ping_status":"closed","sticky":false,"template":"","format":"standard","meta":{"_jetpack_memberships_contains_paid_content":false,"footnotes":""},"categories":[30,1],"tags":[],"class_list":["post-138556","post","type-post","status-publish","format-standard","has-post-thumbnail","hentry","category-polideportivo","category-portada"],"jetpack_featured_media_url":"https:\/\/i0.wp.com\/cdnoticias.com\/wp-content\/uploads\/2023\/05\/WhatsApp-Image-2023-05-09-at-14.33.26-e1683655893767.jpeg?fit=1168%2C650&ssl=1","jetpack_sharing_enabled":true,"_links":{"self":[{"href":"https:\/\/cdnoticias.com\/index.php\/wp-json\/wp\/v2\/posts\/138556","targetHints":{"allow":["GET"]}}],"collection":[{"href":"https:\/\/cdnoticias.com\/index.php\/wp-json\/wp\/v2\/posts"}],"about":[{"href":"https:\/\/cdnoticias.com\/index.php\/wp-json\/wp\/v2\/types\/post"}],"author":[{"embeddable":true,"href":"https:\/\/cdnoticias.com\/index.php\/wp-json\/wp\/v2\/users\/96739694"}],"replies":[{"embeddable":true,"href":"https:\/\/cdnoticias.com\/index.php\/wp-json\/wp\/v2\/comments?post=138556"}],"version-history":[{"count":0,"href":"https:\/\/cdnoticias.com\/index.php\/wp-json\/wp\/v2\/posts\/138556\/revisions"}],"wp:featuredmedia":[{"embeddable":true,"href":"https:\/\/cdnoticias.com\/index.php\/wp-json\/wp\/v2\/media\/155124"}],"wp:attachment":[{"href":"https:\/\/cdnoticias.com\/index.php\/wp-json\/wp\/v2\/media?parent=138556"}],"wp:term":[{"taxonomy":"category","embeddable":true,"href":"https:\/\/cdnoticias.com\/index.php\/wp-json\/wp\/v2\/categories?post=138556"},{"taxonomy":"post_tag","embeddable":true,"href":"https:\/\/cdnoticias.com\/index.php\/wp-json\/wp\/v2\/tags?post=138556"}],"curies":[{"name":"wp","href":"https:\/\/api.w.org\/{rel}","templated":true}]}}