{"id":138538,"date":"2023-05-06T18:15:17","date_gmt":"2023-05-06T21:15:17","guid":{"rendered":"http:\/\/centraldeportes.com.ar\/?p=35113"},"modified":"2025-02-11T17:04:12","modified_gmt":"2025-02-11T20:04:12","slug":"ezequiel-galli-sobre-la-vuelta-al-municipio-ha-sido-una-fiesta-del-deporte","status":"publish","type":"post","link":"https:\/\/cdnoticias.com\/index.php\/2023\/05\/06\/ezequiel-galli-sobre-la-vuelta-al-municipio-ha-sido-una-fiesta-del-deporte\/","title":{"rendered":"Ezequiel Galli sobre la Vuelta al Municipio: \u201cHa sido una fiesta del deporte\u201d"},"content":{"rendered":"<p>El intendente de la ciudad habl\u00f3 con el medio una vez concluida la competencia celebrada el pasado lunes. \u201cMe pone contento que tantas familias nos hayan acompa\u00f1ado\u201d, confes\u00f3.<!--more--><\/p>\n<hr \/>\n<p>Olavarr\u00eda inici\u00f3 mayo a toda velocidad con el desarrollo de la <a href=\"https:\/\/cdnoticias.com\/cecilia-fernandez-y-miguel-angel-guerra-se-consagraron-en-la-vuelta-al-municipio\/\">34\u00b0 edici\u00f3n de la Vuelta al Municipio<\/a>, que se disput\u00f3 el pasado lunes feriado en las inmediaciones del Centro Cultural San Jos\u00e9. A minutos del cierre de la competencia de los 21 kil\u00f3metros, <strong>el intendente Ezequiel Galli se tom\u00f3 un momento para dialogar con el medio y se manifest\u00f3 con respecto a la jornada<\/strong>.<\/p>\n<p>&nbsp;<\/p>\n<p><em>\u201c<strong>Sin dudas ha sido una fiesta del deporte, con muchos competidores y con la gente que acompa\u00f1\u00f3 durante todo el recorrido<\/strong>\u201d<\/em>, respondi\u00f3 en primer t\u00e9rmino el jefe comunal.<\/p>\n<p>&nbsp;<\/p>\n<p>Con un arduo trabajo de organizaci\u00f3n por parte de la Subsecretar\u00eda de Deportes y Recreaci\u00f3n, Gall\u00ed manifest\u00f3 que fue fundamental \u201c<strong><em>el aporte del CAVO, del Instituto de Educaci\u00f3n F\u00edsica, de la Secundaria n\u00famero uno y de todos para tambi\u00e9n sea una carrera segura<\/em><\/strong>\u201d. Adem\u00e1s, valor\u00f3 el acompa\u00f1amiento del p\u00fablico: \u201c<strong><em>Me pone contento que tantas familias nos hayan acompa\u00f1ado<\/em><\/strong>\u201d, solt\u00f3.<\/p>\n<p>&nbsp;<\/p>\n<p><img data-recalc-dims=\"1\" loading=\"lazy\" decoding=\"async\" class=\"aligncenter size-large wp-image-34815\" src=\"https:\/\/i0.wp.com\/centraldeportes.com.ar\/wp-content\/uploads\/2023\/05\/vuelva-al-muni-16-1024x682.jpeg?resize=800%2C533\" alt=\"\" width=\"800\" height=\"533\" \/><\/p>\n<p>&nbsp;<\/p>\n<blockquote><p>\u201cLos competidores de Olavarr\u00eda siempre est\u00e1n haciendo podio y eso le da un marco interesante\u201d<\/p><\/blockquote>\n<p>&nbsp;<\/p>\n<p>La media marat\u00f3n de los 21K dej\u00f3 muy buenos resultados para los atletas locales: segundo puesto para Gustavo Fern\u00e1ndez en Varones y primer lugar para Cecilia Fern\u00e1ndez en Damas. \u201c<em><strong>Es de suma importancia que la fecha quede asignada dentro del calendario para los corredores<\/strong>, en esta media marat\u00f3n tuvimos m\u00e1s de doscientos participantes y ojal\u00e1 el a\u00f1o que viene podamos repetir<\/em>\u201d, sostuvo el intendente.<\/p>\n<p>&nbsp;<\/p>\n<p>En esta 34\u00b0 edici\u00f3n, m\u00e1ximo funcionario Municipal lo vivi\u00f3 desde afuera y acompa\u00f1\u00f3 el recorrido en moto junto al relator: \u201c<em>Fuimos acompa\u00f1ando a los punteros. <strong>Vivirla de adentro es lindo, pero no pude estar porque estaba saliendo de una gripe<\/strong>. A\u00fan as\u00ed lo disfrut\u00e9<\/em>\u201d, finaliz\u00f3 Galli.<\/p>\n","protected":false},"excerpt":{"rendered":"<p>El intendente de la ciudad habl\u00f3 con el medio una vez concluida la competencia celebrada el pasado lunes. \u201cMe pone<\/p>\n","protected":false},"author":96739694,"featured_media":155052,"comment_status":"closed","ping_status":"closed","sticky":false,"template":"","format":"standard","meta":{"_jetpack_memberships_contains_paid_content":false,"footnotes":""},"categories":[38,1],"tags":[],"class_list":["post-138538","post","type-post","status-publish","format-standard","has-post-thumbnail","hentry","category-pedestrismo","category-portada"],"jetpack_featured_media_url":"https:\/\/i0.wp.com\/cdnoticias.com\/wp-content\/uploads\/2023\/05\/vuelva-al-muni-8.jpeg?fit=1280%2C853&ssl=1","jetpack_sharing_enabled":true,"_links":{"self":[{"href":"https:\/\/cdnoticias.com\/index.php\/wp-json\/wp\/v2\/posts\/138538","targetHints":{"allow":["GET"]}}],"collection":[{"href":"https:\/\/cdnoticias.com\/index.php\/wp-json\/wp\/v2\/posts"}],"about":[{"href":"https:\/\/cdnoticias.com\/index.php\/wp-json\/wp\/v2\/types\/post"}],"author":[{"embeddable":true,"href":"https:\/\/cdnoticias.com\/index.php\/wp-json\/wp\/v2\/users\/96739694"}],"replies":[{"embeddable":true,"href":"https:\/\/cdnoticias.com\/index.php\/wp-json\/wp\/v2\/comments?post=138538"}],"version-history":[{"count":0,"href":"https:\/\/cdnoticias.com\/index.php\/wp-json\/wp\/v2\/posts\/138538\/revisions"}],"wp:featuredmedia":[{"embeddable":true,"href":"https:\/\/cdnoticias.com\/index.php\/wp-json\/wp\/v2\/media\/155052"}],"wp:attachment":[{"href":"https:\/\/cdnoticias.com\/index.php\/wp-json\/wp\/v2\/media?parent=138538"}],"wp:term":[{"taxonomy":"category","embeddable":true,"href":"https:\/\/cdnoticias.com\/index.php\/wp-json\/wp\/v2\/categories?post=138538"},{"taxonomy":"post_tag","embeddable":true,"href":"https:\/\/cdnoticias.com\/index.php\/wp-json\/wp\/v2\/tags?post=138538"}],"curies":[{"name":"wp","href":"https:\/\/api.w.org\/{rel}","templated":true}]}}