{"id":138535,"date":"2023-05-06T16:04:14","date_gmt":"2023-05-06T19:04:14","guid":{"rendered":"http:\/\/centraldeportes.com.ar\/?p=35103"},"modified":"2025-02-11T17:04:16","modified_gmt":"2025-02-11T20:04:16","slug":"agustin-herrera-retornara-al-turismo-nacional","status":"publish","type":"post","link":"https:\/\/cdnoticias.com\/index.php\/2023\/05\/06\/agustin-herrera-retornara-al-turismo-nacional\/","title":{"rendered":"Agust\u00edn Herrera retornar\u00e1 al Turismo Nacional"},"content":{"rendered":"<p>As\u00ed lo confirm\u00f3 el piloto local, quien estar\u00e1 compitiendo en la Clase 3 con un Ford Focus. Su vuelta ser\u00e1 en la 5\u00b0 fecha del calendario donde el TN visitar\u00e1 el trazado de Comodoro Rivadavia.<!--more--><\/p>\n<hr \/>\n<p><strong>Agust\u00edn Herrera confirm\u00f3 su vuelta al Turismo Nacional luego de seis a\u00f1os<\/strong> <strong>y lo har\u00e1 en la Clase 3<\/strong>. El \u201cChapul\u00edn\u201d que hab\u00eda comenzado el a\u00f1o competitivo en el TC Pista, <strong>decidi\u00f3 abandonar el proyecto por temas presupuestarios<\/strong>. Estuvo presente en las primeras cuatro carreras de la categor\u00eda telonera: Viedma, Neuqu\u00e9n, La Pampa y El Calafate.<\/p>\n<p>&nbsp;<\/p>\n<p>Sin embargo en el TN, Herrera estar\u00e1 compitiendo en la divisional mayor con un <strong>Ford Focus ex Emanuel Abdala del equipo de Gabriel Rodr\u00edguez<\/strong>.<\/p>\n<p>&nbsp;<\/p>\n<p>El debut en la temporada para el olavarriense ser\u00e1 en la <strong>5\u00b0 fecha del calendario<\/strong>, donde la categor\u00eda viajar\u00e1 al sur y correr\u00e1 en el trazado de <strong>Comodoro Rivadavia<\/strong>.<\/p>\n","protected":false},"excerpt":{"rendered":"<p>As\u00ed lo confirm\u00f3 el piloto local, quien estar\u00e1 compitiendo en la Clase 3 con un Ford Focus. Su vuelta ser\u00e1<\/p>\n","protected":false},"author":96739694,"featured_media":155057,"comment_status":"closed","ping_status":"closed","sticky":false,"template":"","format":"standard","meta":{"_jetpack_memberships_contains_paid_content":false,"footnotes":""},"categories":[34,1],"tags":[],"class_list":["post-138535","post","type-post","status-publish","format-standard","has-post-thumbnail","hentry","category-automovilismo","category-portada"],"jetpack_featured_media_url":"https:\/\/i0.wp.com\/cdnoticias.com\/wp-content\/uploads\/2023\/05\/Agust%C3%ADn-Herrera-e1683399833429.jpeg?fit=1077%2C646&ssl=1","jetpack_sharing_enabled":true,"_links":{"self":[{"href":"https:\/\/cdnoticias.com\/index.php\/wp-json\/wp\/v2\/posts\/138535","targetHints":{"allow":["GET"]}}],"collection":[{"href":"https:\/\/cdnoticias.com\/index.php\/wp-json\/wp\/v2\/posts"}],"about":[{"href":"https:\/\/cdnoticias.com\/index.php\/wp-json\/wp\/v2\/types\/post"}],"author":[{"embeddable":true,"href":"https:\/\/cdnoticias.com\/index.php\/wp-json\/wp\/v2\/users\/96739694"}],"replies":[{"embeddable":true,"href":"https:\/\/cdnoticias.com\/index.php\/wp-json\/wp\/v2\/comments?post=138535"}],"version-history":[{"count":0,"href":"https:\/\/cdnoticias.com\/index.php\/wp-json\/wp\/v2\/posts\/138535\/revisions"}],"wp:featuredmedia":[{"embeddable":true,"href":"https:\/\/cdnoticias.com\/index.php\/wp-json\/wp\/v2\/media\/155057"}],"wp:attachment":[{"href":"https:\/\/cdnoticias.com\/index.php\/wp-json\/wp\/v2\/media?parent=138535"}],"wp:term":[{"taxonomy":"category","embeddable":true,"href":"https:\/\/cdnoticias.com\/index.php\/wp-json\/wp\/v2\/categories?post=138535"},{"taxonomy":"post_tag","embeddable":true,"href":"https:\/\/cdnoticias.com\/index.php\/wp-json\/wp\/v2\/tags?post=138535"}],"curies":[{"name":"wp","href":"https:\/\/api.w.org\/{rel}","templated":true}]}}