{"id":138523,"date":"2023-05-04T20:04:10","date_gmt":"2023-05-04T23:04:10","guid":{"rendered":"http:\/\/centraldeportes.com.ar\/?p=35013"},"modified":"2025-02-11T17:04:30","modified_gmt":"2025-02-11T20:04:30","slug":"intentamos-mostrar-otra-cara-pero-el-triunfo-se-nos-viene-negando","status":"publish","type":"post","link":"https:\/\/cdnoticias.com\/index.php\/2023\/05\/04\/intentamos-mostrar-otra-cara-pero-el-triunfo-se-nos-viene-negando\/","title":{"rendered":"\u201cIntentamos mostrar otra cara, pero el triunfo se nos viene negando\u201d"},"content":{"rendered":"<p>Dijo Miqueas Oliveto luego de la derrota de Luj\u00e1n frente a Sarmiento de Tapalqu\u00e9 por la 10\u00b0 fecha del Torneo Interligas.<!--more--><\/p>\n<hr \/>\n<p>El <strong>\u201cLujanero\u201d<\/strong> no logra levantar cabeza en el certamen de la <strong>Uni\u00f3n Deportiva Regional<\/strong> y esta vez no pudo sumar en el encuentro que qued\u00f3 para la <strong>\u201cEstrellita\u201d tapalquense<\/strong> <a href=\"https:\/\/cdnoticias.com\/lujan-volvio-a-caer-y-sigue-sin-poder-sumar-de-a-tres\/\">al imponerse por 4 a 3<\/a> en el sint\u00e9tico de Embajadores.<\/p>\n<p>&nbsp;<\/p>\n<p>Terminado el encuentro, <strong>Miqueas Oliveto se tom\u00f3 unos minutos para dialogar con el medio<\/strong> y cont\u00f3 que con el equipo: \u201c<strong><em>Intentamos mostrar otra cara, pero se nos escap\u00f3 el partido, nos hacemos goles boludos y lo pagamos<\/em><\/strong>\u201d, se sincer\u00f3 en primer t\u00e9rmino.<\/p>\n<p>&nbsp;<\/p>\n<p>Por su parte, hizo \u00e9nfasis en algunas equivocaciones que cometi\u00f3 el equipo durante el partido y sostuvo que: \u201c<em><strong>Quedamos mal parados en pr\u00e1cticamente tres de los cuatro goles por errores nuestros<\/strong>. Somos pr\u00e1cticamente un equipo nuevo, <strong>qued\u00f3 demostrado que lo que pas\u00f3 con Embajadores qued\u00f3 en ese partido<\/strong><\/em>\u201d, recalc\u00f3.<\/p>\n<p>&nbsp;<\/p>\n<blockquote><p>\u201cVinimos a dar la cara por el partido pasado. Somos los que estamos\u201d<\/p><\/blockquote>\n<p>&nbsp;<\/p>\n<p>\u201c<strong><em>Fue una semana complicada para nosotros. Vinimos de varios clubes para sumar de todos lados, pero el triunfo se nos est\u00e1 negando<\/em><\/strong>\u201d, manifest\u00f3 Oliveto.<\/p>\n<p>&nbsp;<\/p>\n<p>El equipo de Marchesi est\u00e1 complicado para acceder a los puestos de clasificaci\u00f3n. Se encuentra sexto en la Zona 4 con 3 unidades: \u201c<strong><em>El Interligas nos est\u00e1 sirviendo para armar una base y apostar todo a lo local para tratar de no descender e ir para adelante<\/em><\/strong>\u201d, concluy\u00f3 Miqueas.<\/p>\n","protected":false},"excerpt":{"rendered":"<p>Dijo Miqueas Oliveto luego de la derrota de Luj\u00e1n frente a Sarmiento de Tapalqu\u00e9 por la 10\u00b0 fecha del Torneo<\/p>\n","protected":false},"author":96739694,"featured_media":155086,"comment_status":"closed","ping_status":"closed","sticky":false,"template":"","format":"standard","meta":{"_jetpack_memberships_contains_paid_content":false,"footnotes":""},"categories":[35,1,41],"tags":[],"class_list":["post-138523","post","type-post","status-publish","format-standard","has-post-thumbnail","hentry","category-futbol","category-portada","category-primera-y-reserva"],"jetpack_featured_media_url":"https:\/\/i0.wp.com\/cdnoticias.com\/wp-content\/uploads\/2023\/05\/Miqueas-Oliveto-Luj%C3%A1n.png?fit=3063%2C1837&ssl=1","jetpack_sharing_enabled":true,"_links":{"self":[{"href":"https:\/\/cdnoticias.com\/index.php\/wp-json\/wp\/v2\/posts\/138523","targetHints":{"allow":["GET"]}}],"collection":[{"href":"https:\/\/cdnoticias.com\/index.php\/wp-json\/wp\/v2\/posts"}],"about":[{"href":"https:\/\/cdnoticias.com\/index.php\/wp-json\/wp\/v2\/types\/post"}],"author":[{"embeddable":true,"href":"https:\/\/cdnoticias.com\/index.php\/wp-json\/wp\/v2\/users\/96739694"}],"replies":[{"embeddable":true,"href":"https:\/\/cdnoticias.com\/index.php\/wp-json\/wp\/v2\/comments?post=138523"}],"version-history":[{"count":0,"href":"https:\/\/cdnoticias.com\/index.php\/wp-json\/wp\/v2\/posts\/138523\/revisions"}],"wp:featuredmedia":[{"embeddable":true,"href":"https:\/\/cdnoticias.com\/index.php\/wp-json\/wp\/v2\/media\/155086"}],"wp:attachment":[{"href":"https:\/\/cdnoticias.com\/index.php\/wp-json\/wp\/v2\/media?parent=138523"}],"wp:term":[{"taxonomy":"category","embeddable":true,"href":"https:\/\/cdnoticias.com\/index.php\/wp-json\/wp\/v2\/categories?post=138523"},{"taxonomy":"post_tag","embeddable":true,"href":"https:\/\/cdnoticias.com\/index.php\/wp-json\/wp\/v2\/tags?post=138523"}],"curies":[{"name":"wp","href":"https:\/\/api.w.org\/{rel}","templated":true}]}}