{"id":138466,"date":"2023-04-26T20:43:31","date_gmt":"2023-04-26T23:43:31","guid":{"rendered":"http:\/\/centraldeportes.com.ar\/?p=34533"},"modified":"2025-02-11T16:28:03","modified_gmt":"2025-02-11T19:28:03","slug":"buenos-resultados-de-menores-de-estudiantes-en-el-torneo-disputado-en-coronel-suarez","status":"publish","type":"post","link":"https:\/\/cdnoticias.com\/index.php\/2023\/04\/26\/buenos-resultados-de-menores-de-estudiantes-en-el-torneo-disputado-en-coronel-suarez\/","title":{"rendered":"Buenos resultados de Menores de Estudiantes en el Torneo disputado en Coronel Su\u00e1rez"},"content":{"rendered":"<p>El pasado domingo se disput\u00f3 en Coronel Su\u00e1rez el segundo torneo de Menores perteneciente a \u00f1a Federaci\u00f3n Regional de Golf del Sur y hubo muy buena actuaci\u00f3n de golfistas de Estudiantes que estuvieron acompa\u00f1ados por su entrenador Pablo Isaza.<\/p>\n<p><!--more--><\/p>\n<hr \/>\n<p>Resultados:<\/p>\n<p>Damas Categor\u00eda \u00danica Gross y Neto:<br \/>\n1\u00b0: Malena Bah\u00eda<\/p>\n<p>Caballeros M25\/Juveniles Gross:<br \/>\n1\u00b0: Tom\u00e1s Bologna<\/p>\n<p>Caballeros Menores Gross:<br \/>\n2\u00b0: Martiniano D\u00edaz Oviedo<br \/>\n4\u00b0: Conrado Gonz\u00e1lez Pini<\/p>\n<p>Caballeros Menores 18 Neto:<br \/>\n3\u00b0: Martiniano D\u00edaz Oviedo<br \/>\n8\u00b0: Conrado Gonz\u00e1lez Pini<\/p>\n<p>Caballeros Menores 13 Gross:<br \/>\n5\u00b0: Benjam\u00edn Isaza<\/p>\n<p>Caballeros Albatros:<br \/>\n6\u00b0: Antonio Da Silva<br \/>\n7\u00b0: Tom\u00e1s Ambroggi<\/p>\n<p>Caballeros Eagles:<br \/>\n6\u00b0: Santiago Green<br \/>\n9\u00b0: Salazar Arenas<br \/>\n10\u00b0: Faustino Lamas<br \/>\n13\u00b0: Palais Jaueguizar<\/p>\n<p>Damas Eagles:<br \/>\n6\u00b0: Uma Springer<br \/>\n7\u00b0: Sol Isaza<\/p>\n<p>Damas y Caballeros Birdies (por equipos):<br \/>\n1\u00b0: Beltr\u00e1n Cimadamore<br \/>\n2\u00b0: Dante Poyo \/ St\u00e9fano Grasselli<br \/>\n3\u00b0: Benjam\u00edn Gonz\u00e1lez Melo \/ Milo Rivas \/ Eliseo Gonz\u00e1lez<br \/>\n4\u00b0: Dante Amengual<\/p>\n<p>Promocionales principiantes: Particip\u00f3 Iv\u00e1n Sequeira<\/p>\n","protected":false},"excerpt":{"rendered":"<p>El pasado domingo se disput\u00f3 en Coronel Su\u00e1rez el segundo torneo de Menores perteneciente a \u00f1a Federaci\u00f3n Regional de Golf<\/p>\n","protected":false},"author":96739694,"featured_media":154840,"comment_status":"closed","ping_status":"closed","sticky":false,"template":"","format":"standard","meta":{"_jetpack_memberships_contains_paid_content":false,"footnotes":""},"categories":[30,1],"tags":[],"class_list":["post-138466","post","type-post","status-publish","format-standard","has-post-thumbnail","hentry","category-polideportivo","category-portada"],"jetpack_featured_media_url":"https:\/\/i0.wp.com\/cdnoticias.com\/wp-content\/uploads\/2023\/04\/golf-4-e1682552604884.jpeg?fit=526%2C293&ssl=1","jetpack_sharing_enabled":true,"_links":{"self":[{"href":"https:\/\/cdnoticias.com\/index.php\/wp-json\/wp\/v2\/posts\/138466","targetHints":{"allow":["GET"]}}],"collection":[{"href":"https:\/\/cdnoticias.com\/index.php\/wp-json\/wp\/v2\/posts"}],"about":[{"href":"https:\/\/cdnoticias.com\/index.php\/wp-json\/wp\/v2\/types\/post"}],"author":[{"embeddable":true,"href":"https:\/\/cdnoticias.com\/index.php\/wp-json\/wp\/v2\/users\/96739694"}],"replies":[{"embeddable":true,"href":"https:\/\/cdnoticias.com\/index.php\/wp-json\/wp\/v2\/comments?post=138466"}],"version-history":[{"count":0,"href":"https:\/\/cdnoticias.com\/index.php\/wp-json\/wp\/v2\/posts\/138466\/revisions"}],"wp:featuredmedia":[{"embeddable":true,"href":"https:\/\/cdnoticias.com\/index.php\/wp-json\/wp\/v2\/media\/154840"}],"wp:attachment":[{"href":"https:\/\/cdnoticias.com\/index.php\/wp-json\/wp\/v2\/media?parent=138466"}],"wp:term":[{"taxonomy":"category","embeddable":true,"href":"https:\/\/cdnoticias.com\/index.php\/wp-json\/wp\/v2\/categories?post=138466"},{"taxonomy":"post_tag","embeddable":true,"href":"https:\/\/cdnoticias.com\/index.php\/wp-json\/wp\/v2\/tags?post=138466"}],"curies":[{"name":"wp","href":"https:\/\/api.w.org\/{rel}","templated":true}]}}