{"id":138459,"date":"2023-04-26T01:42:24","date_gmt":"2023-04-26T04:42:24","guid":{"rendered":"http:\/\/centraldeportes.com.ar\/?p=34488"},"modified":"2025-02-11T16:28:23","modified_gmt":"2025-02-11T19:28:23","slug":"la-b-metro-jugo-otra-fecha-y-hubo-cruce-entre-olavarrienses","status":"publish","type":"post","link":"https:\/\/cdnoticias.com\/index.php\/2023\/04\/26\/la-b-metro-jugo-otra-fecha-y-hubo-cruce-entre-olavarrienses\/","title":{"rendered":"La B \u201cMetro\u201d jug\u00f3 otra fecha y hubo cruce entre olavarrienses"},"content":{"rendered":"<p>La und\u00e9cima cita del Apertura se jug\u00f3 el pasado fin de semana y de los tres olavarrienses en la categor\u00eda solo sum\u00f3 de a tres el de Acassuso.<!--more--><\/p>\n<hr \/>\n<p>En la jornada de este martes, <strong>el<\/strong> <strong>Torneo Apertura de la Primera B Metropolitana<\/strong> <strong>culmin\u00f3 la 11\u00b0 fecha del certamen<\/strong> que hab\u00eda dado inicio el pasado s\u00e1bado con la mayor\u00eda de los enfrentamientos.<\/p>\n<p>&nbsp;<\/p>\n<p>All\u00ed, los tres futbolistas locales tuvieron acci\u00f3n con sus equipos, donde s<strong>e destac\u00f3 el choque entre los olavarrienses de Deportivo Armenio y Villa San Carlos<\/strong> celebrado en el estadio \u201cTricolor\u201d.<\/p>\n<p>&nbsp;<\/p>\n<p>&nbsp;<\/p>\n<div class=\"tiled-gallery type-rectangular tiled-gallery-unresized\" data-original-width=\"800\" data-carousel-extra='null' itemscope itemtype=\"http:\/\/schema.org\/ImageGallery\" > <div class=\"gallery-row\" style=\"width: 800px; height: 268px;\" data-original-width=\"800\" data-original-height=\"268\" > <div class=\"gallery-group images-1\" style=\"width: 400px; height: 268px;\" data-original-width=\"400\" data-original-height=\"268\" > <div class=\"tiled-gallery-item tiled-gallery-item-large\" itemprop=\"associatedMedia\" itemscope itemtype=\"http:\/\/schema.org\/ImageObject\"> <a href=\"https:\/\/i0.wp.com\/cdnoticias.com\/wp-content\/uploads\/2021\/10\/WhatsApp-Image-2021-10-01-at-19.55.32.jpeg?ssl=1\" border=\"0\" itemprop=\"url\"> <meta itemprop=\"width\" content=\"396\"> <meta itemprop=\"height\" content=\"264\"> <img decoding=\"async\" class=\"\" data-attachment-id=\"34490\" data-orig-file=\"https:\/\/cdnoticias.com\/wp-content\/uploads\/2021\/10\/WhatsApp-Image-2021-10-01-at-19.55.32.jpeg\" data-orig-size=\"1152,768\" data-comments-opened=\"\" data-image-meta=\"{&quot;aperture&quot;:&quot;0&quot;,&quot;credit&quot;:&quot;&quot;,&quot;camera&quot;:&quot;&quot;,&quot;caption&quot;:&quot;&quot;,&quot;created_timestamp&quot;:&quot;0&quot;,&quot;copyright&quot;:&quot;&quot;,&quot;focal_length&quot;:&quot;0&quot;,&quot;iso&quot;:&quot;0&quot;,&quot;shutter_speed&quot;:&quot;0&quot;,&quot;title&quot;:&quot;&quot;,&quot;orientation&quot;:&quot;0&quot;}\" data-image-title=\"WhatsApp Image 2021-10-01 at 19.55.32\" data-image-description=\"\" data-medium-file=\"https:\/\/i0.wp.com\/cdnoticias.com\/wp-content\/uploads\/2021\/10\/WhatsApp-Image-2021-10-01-at-19.55.32.jpeg?fit=300%2C200&#038;ssl=1\" data-large-file=\"https:\/\/i0.wp.com\/cdnoticias.com\/wp-content\/uploads\/2021\/10\/WhatsApp-Image-2021-10-01-at-19.55.32.jpeg?fit=800%2C534&#038;ssl=1\" src=\"https:\/\/i0.wp.com\/cdnoticias.com\/wp-content\/uploads\/2021\/10\/WhatsApp-Image-2021-10-01-at-19.55.32.jpeg?w=396&#038;h=264&#038;ssl=1\" srcset=\"https:\/\/i0.wp.com\/cdnoticias.com\/wp-content\/uploads\/2021\/10\/WhatsApp-Image-2021-10-01-at-19.55.32.jpeg?w=1152&amp;ssl=1 1152w, https:\/\/i0.wp.com\/cdnoticias.com\/wp-content\/uploads\/2021\/10\/WhatsApp-Image-2021-10-01-at-19.55.32.jpeg?resize=300%2C200&amp;ssl=1 300w, https:\/\/i0.wp.com\/cdnoticias.com\/wp-content\/uploads\/2021\/10\/WhatsApp-Image-2021-10-01-at-19.55.32.jpeg?resize=768%2C512&amp;ssl=1 768w, https:\/\/i0.wp.com\/cdnoticias.com\/wp-content\/uploads\/2021\/10\/WhatsApp-Image-2021-10-01-at-19.55.32.jpeg?resize=1024%2C683&amp;ssl=1 1024w, https:\/\/i0.wp.com\/cdnoticias.com\/wp-content\/uploads\/2021\/10\/WhatsApp-Image-2021-10-01-at-19.55.32.jpeg?resize=272%2C182&amp;ssl=1 272w\" width=\"396\" height=\"264\" loading=\"lazy\" data-original-width=\"396\" data-original-height=\"264\" itemprop=\"http:\/\/schema.org\/image\" title=\"WhatsApp Image 2021-10-01 at 19.55.32\" alt=\"WhatsApp Image 2021-10-01 at 19.55.32\" style=\"width: 396px; height: 264px;\" \/> <\/a> <\/div> <\/div> <!-- close group --> <div class=\"gallery-group images-1\" style=\"width: 400px; height: 268px;\" data-original-width=\"400\" data-original-height=\"268\" > <div class=\"tiled-gallery-item tiled-gallery-item-large\" itemprop=\"associatedMedia\" itemscope itemtype=\"http:\/\/schema.org\/ImageObject\"> <a href=\"https:\/\/i0.wp.com\/cdnoticias.com\/wp-content\/uploads\/2021\/10\/WhatsApp-Image-2021-10-01-at-19.55.31.jpeg?ssl=1\" border=\"0\" itemprop=\"url\"> <meta itemprop=\"width\" content=\"396\"> <meta itemprop=\"height\" content=\"264\"> <img decoding=\"async\" class=\"\" data-attachment-id=\"34491\" data-orig-file=\"https:\/\/cdnoticias.com\/wp-content\/uploads\/2021\/10\/WhatsApp-Image-2021-10-01-at-19.55.31.jpeg\" data-orig-size=\"1152,768\" data-comments-opened=\"\" data-image-meta=\"{&quot;aperture&quot;:&quot;0&quot;,&quot;credit&quot;:&quot;&quot;,&quot;camera&quot;:&quot;&quot;,&quot;caption&quot;:&quot;&quot;,&quot;created_timestamp&quot;:&quot;0&quot;,&quot;copyright&quot;:&quot;&quot;,&quot;focal_length&quot;:&quot;0&quot;,&quot;iso&quot;:&quot;0&quot;,&quot;shutter_speed&quot;:&quot;0&quot;,&quot;title&quot;:&quot;&quot;,&quot;orientation&quot;:&quot;0&quot;}\" data-image-title=\"WhatsApp Image 2021-10-01 at 19.55.31\" data-image-description=\"\" data-medium-file=\"https:\/\/i0.wp.com\/cdnoticias.com\/wp-content\/uploads\/2021\/10\/WhatsApp-Image-2021-10-01-at-19.55.31.jpeg?fit=300%2C200&#038;ssl=1\" data-large-file=\"https:\/\/i0.wp.com\/cdnoticias.com\/wp-content\/uploads\/2021\/10\/WhatsApp-Image-2021-10-01-at-19.55.31.jpeg?fit=800%2C534&#038;ssl=1\" src=\"https:\/\/i0.wp.com\/cdnoticias.com\/wp-content\/uploads\/2021\/10\/WhatsApp-Image-2021-10-01-at-19.55.31.jpeg?w=396&#038;h=264&#038;ssl=1\" srcset=\"https:\/\/i0.wp.com\/cdnoticias.com\/wp-content\/uploads\/2021\/10\/WhatsApp-Image-2021-10-01-at-19.55.31.jpeg?w=1152&amp;ssl=1 1152w, https:\/\/i0.wp.com\/cdnoticias.com\/wp-content\/uploads\/2021\/10\/WhatsApp-Image-2021-10-01-at-19.55.31.jpeg?resize=300%2C200&amp;ssl=1 300w, https:\/\/i0.wp.com\/cdnoticias.com\/wp-content\/uploads\/2021\/10\/WhatsApp-Image-2021-10-01-at-19.55.31.jpeg?resize=768%2C512&amp;ssl=1 768w, https:\/\/i0.wp.com\/cdnoticias.com\/wp-content\/uploads\/2021\/10\/WhatsApp-Image-2021-10-01-at-19.55.31.jpeg?resize=1024%2C683&amp;ssl=1 1024w, https:\/\/i0.wp.com\/cdnoticias.com\/wp-content\/uploads\/2021\/10\/WhatsApp-Image-2021-10-01-at-19.55.31.jpeg?resize=272%2C182&amp;ssl=1 272w\" width=\"396\" height=\"264\" loading=\"lazy\" data-original-width=\"396\" data-original-height=\"264\" itemprop=\"http:\/\/schema.org\/image\" title=\"WhatsApp Image 2021-10-01 at 19.55.31\" alt=\"WhatsApp Image 2021-10-01 at 19.55.31\" style=\"width: 396px; height: 264px;\" \/> <\/a> <\/div> <\/div> <!-- close group --> <\/div> <!-- close row --> <\/div>\n<p>&nbsp;<\/p>\n<p>Al cabo de los 90 minutos, <strong>ambos equipos no se sacaron diferencias e igualaron sin goles<\/strong>. En el \u201cVillero\u201d, <strong>Sim\u00f3n Buscaglia inici\u00f3 el partido desde el arranque y tuvo su oportunidad hasta los 18\u2019 del segundo tiempo<\/strong> ya que luego sali\u00f3 reemplazado por Maximiliano Badell, mientras que <strong>el volante central Carlos Battigelli, jug\u00f3 de titular y complet\u00f3 los 90 minutos con Armenio.<\/strong><\/p>\n<p>&nbsp;<\/p>\n<p>El que s\u00ed se llev\u00f3 los tres puntos este fin de semana fue el Acassuso de <strong>Juan Ignacio Barbieri<\/strong>. El delantero <strong>comenz\u00f3 el cotejo entre los once iniciales y particip\u00f3 en la ag\u00f3nica victoria 1 a 0 del \u201cSsuso\u201d<\/strong> como visitante frente a la UAI de Urquiza. En paralelo, <strong>el ex Ferro Carril Sud jug\u00f3 hasta los 14\u2019 del complemento y sali\u00f3 sustituido por Braian Ben\u00edtez<\/strong>.<\/p>\n<p>&nbsp;<\/p>\n<p><em><strong>Foto: Nair Safenraiter.<\/strong><\/em><\/p>\n","protected":false},"excerpt":{"rendered":"<p>La und\u00e9cima cita del Apertura se jug\u00f3 el pasado fin de semana y de los tres olavarrienses en la categor\u00eda<\/p>\n","protected":false},"author":96739694,"featured_media":154861,"comment_status":"closed","ping_status":"closed","sticky":false,"template":"","format":"standard","meta":{"_jetpack_memberships_contains_paid_content":false,"footnotes":""},"categories":[35,37,1],"tags":[],"class_list":["post-138459","post","type-post","status-publish","format-standard","has-post-thumbnail","hentry","category-futbol","category-futbol-profesional","category-portada"],"jetpack_featured_media_url":"https:\/\/i0.wp.com\/cdnoticias.com\/wp-content\/uploads\/2023\/04\/Juan-I.-Barbieri-Acassuso-11%C2%B0-fecha-e1682483751827.jpeg?fit=1596%2C936&ssl=1","jetpack_sharing_enabled":true,"_links":{"self":[{"href":"https:\/\/cdnoticias.com\/index.php\/wp-json\/wp\/v2\/posts\/138459","targetHints":{"allow":["GET"]}}],"collection":[{"href":"https:\/\/cdnoticias.com\/index.php\/wp-json\/wp\/v2\/posts"}],"about":[{"href":"https:\/\/cdnoticias.com\/index.php\/wp-json\/wp\/v2\/types\/post"}],"author":[{"embeddable":true,"href":"https:\/\/cdnoticias.com\/index.php\/wp-json\/wp\/v2\/users\/96739694"}],"replies":[{"embeddable":true,"href":"https:\/\/cdnoticias.com\/index.php\/wp-json\/wp\/v2\/comments?post=138459"}],"version-history":[{"count":0,"href":"https:\/\/cdnoticias.com\/index.php\/wp-json\/wp\/v2\/posts\/138459\/revisions"}],"wp:featuredmedia":[{"embeddable":true,"href":"https:\/\/cdnoticias.com\/index.php\/wp-json\/wp\/v2\/media\/154861"}],"wp:attachment":[{"href":"https:\/\/cdnoticias.com\/index.php\/wp-json\/wp\/v2\/media?parent=138459"}],"wp:term":[{"taxonomy":"category","embeddable":true,"href":"https:\/\/cdnoticias.com\/index.php\/wp-json\/wp\/v2\/categories?post=138459"},{"taxonomy":"post_tag","embeddable":true,"href":"https:\/\/cdnoticias.com\/index.php\/wp-json\/wp\/v2\/tags?post=138459"}],"curies":[{"name":"wp","href":"https:\/\/api.w.org\/{rel}","templated":true}]}}