{"id":138453,"date":"2023-04-25T01:42:29","date_gmt":"2023-04-25T04:42:29","guid":{"rendered":"http:\/\/centraldeportes.com.ar\/?p=34465"},"modified":"2025-02-11T16:28:37","modified_gmt":"2025-02-11T19:28:37","slug":"federal-a-triple-presencia-local-y-bautismo-de-gol-para-osinaga","status":"publish","type":"post","link":"https:\/\/cdnoticias.com\/index.php\/2023\/04\/25\/federal-a-triple-presencia-local-y-bautismo-de-gol-para-osinaga\/","title":{"rendered":"Federal A: triple presencia local y bautismo de gol para Osinaga"},"content":{"rendered":"<p>Este lunes por la tarde, se complet\u00f3 el ante\u00faltimo partido correspondiente a la 7\u00b0 fecha del Torneo Federal A que tuvo las citaciones de Quimey Mar\u00edn, Agust\u00edn Osinaga y Nadir Hadad. La jornada finalizar\u00e1 el mi\u00e9rcoles con el cruce entre Ciudad de Bol\u00edvar frente a Hurac\u00e1n Las Heras.<\/p>\n<p><!--more--><\/p>\n<hr \/>\n<p>Las cuatro Zonas del certamen gestionado por el <strong>Consejo Federal<\/strong> disput\u00f3 casi en su totalidad entre el pasado s\u00e1bado y este lunes la <strong>7\u00b0 fecha del campeonato<\/strong>, ya que todav\u00eda queda el cotejo pendiente del Ciudad de Bol\u00edvar de <strong>Alfredo Troncoso y Franco Irusta<\/strong>.<\/p>\n<p>&nbsp;<\/p>\n<p>M\u00e1s all\u00e1 de la mencionada situaci\u00f3n,<strong> durante el transcurso de la jornada solo tuvieron minutos<\/strong> <strong>Osinaga<\/strong>, quien convirti\u00f3 su primer gol de la temporada,<strong> Hadad y Mar\u00edn<\/strong>. A su vez, <strong>Leonardo Vitale y Facundo Wiechniak no tuvieron actividad en esta llave debido a que Sansinena qued\u00f3 libre<\/strong>.<\/p>\n<p>&nbsp;<\/p>\n<p>Este lunes, por la Zona A, el equipo de Roberto Tucker (ayudante de campo) y de Quimey Mar\u00edn se llev\u00f3 un duro traspi\u00e9 en Viedma. All\u00ed, <strong>Santamarina visit\u00f3 a Sol de Viedma y perdi\u00f3 3 a 0<\/strong> en el estadio \u201cAlbiceleste\u201d. <strong>El delantero ex El Fort\u00edn inici\u00f3 el enfrentamiento de titular y jug\u00f3 los 90 minutos completos<\/strong>.<\/p>\n<p>&nbsp;<\/p>\n<figure id=\"attachment_34467\" aria-describedby=\"caption-attachment-34467\" style=\"width: 800px\" class=\"wp-caption aligncenter\"><img data-recalc-dims=\"1\" loading=\"lazy\" decoding=\"async\" class=\"wp-image-34467 size-large\" src=\"https:\/\/i0.wp.com\/centraldeportes.com.ar\/wp-content\/uploads\/2023\/04\/Quimey-Mar%C3%ADn-Santamarina-7%C2%B0-fecha-TFA-e1682397655569-1024x620.jpeg?resize=800%2C484\" alt=\"\" width=\"800\" height=\"484\" \/><figcaption id=\"caption-attachment-34467\" class=\"wp-caption-text\">Cr\u00e9dito: Noticias Net<\/figcaption><\/figure>\n<p>&nbsp;<\/p>\n<p>Bajo el mismo grupo pero el pasado domingo, el Roberto Natalio Carminatti alberg\u00f3 <strong>una nueva edici\u00f3n del cl\u00e1sico bahiense<\/strong> que qued\u00f3 finalmente para Olimpo. <strong>El \u201cAurinegro\u201d venci\u00f3 por la m\u00ednima 1 a 0 a Villa Mitre<\/strong>, estir\u00f3 su invicto en el certamen y logr\u00f3 trepar a lo m\u00e1s alto de la Zona con 14 unidades. <strong>Nadir Hadad inici\u00f3 el partido entre los suplentes e ingres\u00f3 a los 36\u2019 del segundo tiempo en lugar de Santiago Guti\u00e9rrez.<\/strong><\/p>\n<p>&nbsp;<\/p>\n<p>Por \u00faltimo, el que tuvo un fin de semana redondo fue <strong>Agust\u00edn Osinaga, quien anot\u00f3 su primer gol con la camiseta de Douglas Haig<\/strong>. El conjunto de Pergamino visit\u00f3 a Defensores de Belgrano de Villa Ramallo,<strong> se impuso 2 a 1 y pas\u00f3 a ser el puntero de la Zona C<\/strong>. <strong>El zaguero central olavarriense arranc\u00f3 desde el once inicial y a los 14\u2019 de la primera mitad conect\u00f3 de cabeza un centro de Mazza y abri\u00f3 el marcador favorable para el \u201cFogonero\u201d<\/strong>.<\/p>\n<p>&nbsp;<\/p>\n<p><em><strong>Foto: Prensa Douglas Haig.<\/strong><\/em><\/p>\n","protected":false},"excerpt":{"rendered":"<p>Este lunes por la tarde, se complet\u00f3 el ante\u00faltimo partido correspondiente a la 7\u00b0 fecha del Torneo Federal A que<\/p>\n","protected":false},"author":96739694,"featured_media":154879,"comment_status":"closed","ping_status":"closed","sticky":false,"template":"","format":"standard","meta":{"_jetpack_memberships_contains_paid_content":false,"footnotes":""},"categories":[35,37,1],"tags":[],"class_list":["post-138453","post","type-post","status-publish","format-standard","has-post-thumbnail","hentry","category-futbol","category-futbol-profesional","category-portada"],"jetpack_featured_media_url":"https:\/\/i0.wp.com\/cdnoticias.com\/wp-content\/uploads\/2023\/04\/Agust%C3%ADn-Osinaga-Douglas-Haig-7%C2%B0-fecha-TFA1-e1682397618555.jpeg?fit=960%2C602&ssl=1","jetpack_sharing_enabled":true,"_links":{"self":[{"href":"https:\/\/cdnoticias.com\/index.php\/wp-json\/wp\/v2\/posts\/138453","targetHints":{"allow":["GET"]}}],"collection":[{"href":"https:\/\/cdnoticias.com\/index.php\/wp-json\/wp\/v2\/posts"}],"about":[{"href":"https:\/\/cdnoticias.com\/index.php\/wp-json\/wp\/v2\/types\/post"}],"author":[{"embeddable":true,"href":"https:\/\/cdnoticias.com\/index.php\/wp-json\/wp\/v2\/users\/96739694"}],"replies":[{"embeddable":true,"href":"https:\/\/cdnoticias.com\/index.php\/wp-json\/wp\/v2\/comments?post=138453"}],"version-history":[{"count":0,"href":"https:\/\/cdnoticias.com\/index.php\/wp-json\/wp\/v2\/posts\/138453\/revisions"}],"wp:featuredmedia":[{"embeddable":true,"href":"https:\/\/cdnoticias.com\/index.php\/wp-json\/wp\/v2\/media\/154879"}],"wp:attachment":[{"href":"https:\/\/cdnoticias.com\/index.php\/wp-json\/wp\/v2\/media?parent=138453"}],"wp:term":[{"taxonomy":"category","embeddable":true,"href":"https:\/\/cdnoticias.com\/index.php\/wp-json\/wp\/v2\/categories?post=138453"},{"taxonomy":"post_tag","embeddable":true,"href":"https:\/\/cdnoticias.com\/index.php\/wp-json\/wp\/v2\/tags?post=138453"}],"curies":[{"name":"wp","href":"https:\/\/api.w.org\/{rel}","templated":true}]}}