{"id":138445,"date":"2023-04-24T08:57:28","date_gmt":"2023-04-24T11:57:28","guid":{"rendered":"http:\/\/centraldeportes.com.ar\/?p=34392"},"modified":"2025-02-14T00:20:02","modified_gmt":"2025-02-14T03:20:02","slug":"union-deportiva-regional-se-jugo-la-9-fecha-casi-en-su-totalidad","status":"publish","type":"post","link":"https:\/\/cdnoticias.com\/index.php\/2023\/04\/24\/union-deportiva-regional-se-jugo-la-9-fecha-casi-en-su-totalidad\/","title":{"rendered":"Uni\u00f3n Deportiva Regional: se jug\u00f3 la 9\u00b0 fecha casi en su totalidad"},"content":{"rendered":"<p>Este domingo, en varios escenarios de la zona centro de la provincia, se disputaron 19 de los 20 partidos programados de la 9\u00b0 cita del campeonato. Resta jugarse Balonpi\u00e9 \u2013 Ciudad de Bol\u00edvar que fue reprogramado.<!--more--><\/p>\n<hr \/>\n<p>El <strong>certamen que re\u00fane a las ligas de Olavarr\u00eda, Azul, Bol\u00edvar y Laprida<\/strong> tuvo este pasado domingo varios cl\u00e1sicos en su haber y <strong>disput\u00f3 casi en su totalidad toda la programaci\u00f3n correspondiente a la 9\u00b0 cita del certamen<\/strong>. Solo falta jugarse por jugarse Balonpi\u00e9 \u2013 Ciudad de Bol\u00edvar por la Zona 2.<\/p>\n<p>&nbsp;<\/p>\n<p>En el entramado de la fecha para los equipos olavarrienses, <strong>Estudiantes y Racing<\/strong> empataron en el cl\u00e1sico y tambi\u00e9n repartieron puntos <strong>Hinojo, Sierra Chica, Loma Negra y Ferro<\/strong>. A su vez, los que festejaron este fin de semana fueron <strong>Embajadores, Espigas, San Mart\u00edn, Municipales y El Fort\u00edn<\/strong>. El \u00fanico que cay\u00f3 fue <strong>Luj\u00e1n<\/strong> en su compromiso con el CEO.<\/p>\n<p>&nbsp;<\/p>\n<p>Con estos resultados, <strong>Estudiantes<\/strong> (16 pts.), <strong>Embajadores<\/strong> (22 pts.), <strong>Municipales<\/strong> (18 pts.), <strong>El Fort\u00edn<\/strong> (21 pts.) e <strong>Hinojo<\/strong> (22 pts.) <strong>son l\u00edderes en sus respectivos grupos<\/strong>.<\/p>\n<p>&nbsp;<\/p>\n<h6><strong>Resultados y goles:<\/strong><\/h6>\n<p>&nbsp;<\/p>\n<h6>En Primera<\/h6>\n<p>&nbsp;<\/p>\n<h6><strong>Zona 1:<\/strong><\/h6>\n<p><a href=\"https:\/\/cdnoticias.com\/estudiantes-y-racing-quedaron-a-mano-en-el-clasico-de-la-ciudad\/\"><strong>Estudiantes<\/strong> (Franco Vignale y Ram\u00f3n Galotti) <strong>2 \u2013 2 Racing (Olavarr\u00eda)<\/strong> (Pablo Mujica y Manuel Scacheri)<\/a><\/p>\n<p><strong>Atl\u00e9tico Urdampilleta<\/strong> (Cristian Cabrera Br\u00edtez y Franco Navarro) <strong>2 \u2013 0 Bancario<\/strong><\/p>\n<p><strong>Bull Dog 0 \u2013 1 Casariego<\/strong> (Ariel Fantoni)<\/p>\n<p>&nbsp;<\/p>\n<p><img data-recalc-dims=\"1\" loading=\"lazy\" decoding=\"async\" class=\"aligncenter size-full wp-image-34400\" src=\"https:\/\/i0.wp.com\/centraldeportes.com.ar\/wp-content\/uploads\/2023\/04\/UDR-1era-Fecha-9-Zona-1.png?resize=788%2C325\" alt=\"\" width=\"788\" height=\"325\" \/><\/p>\n<p>&nbsp;<\/p>\n<h6><strong>Zona 2:<\/strong><\/h6>\n<p><strong>V\u00e9lez<\/strong> (Iv\u00e1n Alayes -2-) <strong>2 \u2013 1 River<\/strong> (Nahuel Ju\u00e1rez)<\/p>\n<p><strong>Alumni (Azul)<\/strong> (Cristian Blando, Agust\u00edn Pomphile, Ulises Bossi y Facundo Parodi) <strong>4 \u2013 1 Azul Athletic<\/strong> (Tom\u00e1s Poblet)<\/p>\n<p>Balonpi\u00e9 \u2013 Ciudad de Bol\u00edvar (<strong>Se juega este mi\u00e9rcoles 26 desde las 20:00 horas<\/strong>)<\/p>\n<p>Libre: Boca.<\/p>\n<p>&nbsp;<\/p>\n<p><img data-recalc-dims=\"1\" loading=\"lazy\" decoding=\"async\" class=\"aligncenter size-full wp-image-34401\" src=\"https:\/\/i0.wp.com\/centraldeportes.com.ar\/wp-content\/uploads\/2023\/04\/UDR-1era-Fecha-9-Zona-2.png?resize=787%2C366\" alt=\"\" width=\"787\" height=\"366\" \/><\/p>\n<p>&nbsp;<\/p>\n<h6><strong>Zona 3:<\/strong><\/h6>\n<p><strong>San Jos\u00e9<\/strong> (Ra\u00fal Vergez y Joaqu\u00edn Pueyrred\u00f3n)<strong> 2 \u2013 2 Ferro Carril Sud<\/strong> (Iv\u00e1n G\u00f3mez y Alan Ben\u00edtez)<\/p>\n<p><strong>El Fort\u00edn<\/strong> (Marcos Bonavetti, Emiliano Piecenti -2- y Emmanuel Teves) <strong>4 \u2013 1 Empleados de Comercio<\/strong><\/p>\n<p><strong>Estrellas de Juventud<\/strong> (Jonathan Theaux) <strong>1 \u2013 4 Sportivo Piazza<\/strong> (Mariano Borda, Braian Carrizo, Sim\u00f3n De Urraza y Nicol\u00e1s Moyano)<\/p>\n<p>Libre: Independiente (Bol\u00edvar).<\/p>\n<p>&nbsp;<\/p>\n<p><img data-recalc-dims=\"1\" loading=\"lazy\" decoding=\"async\" class=\"aligncenter size-full wp-image-34402\" src=\"https:\/\/i0.wp.com\/centraldeportes.com.ar\/wp-content\/uploads\/2023\/04\/UDR-1era-Fecha-9-Zona-3.png?resize=790%2C378\" alt=\"\" width=\"790\" height=\"378\" \/><\/p>\n<p>&nbsp;<\/p>\n<h6><strong>Zona 4:<\/strong><\/h6>\n<p><strong>Cemento Armado 0 \u2013 2 Chacarita<\/strong> (Mat\u00edas Alustiza y Justino Borra)<\/p>\n<p><strong>Embajadores<\/strong> (Luciano Rojas -4-, Nicol\u00e1s Lareu -2-, Nicol\u00e1s Daffara, Emilio Scipioni y Ger\u00f3nimo Gelmi) <strong>9 \u2013 0 Luj\u00e1n<\/strong><\/p>\n<p><strong>Sarmiento (Tapalqu\u00e9)<\/strong> (Iv\u00e1n Frutos, Juan Gallardo, Rodrigo Lamardo y Guido Chamorro) <strong>4 \u2013 1 Porte\u00f1o<\/strong> (Emanuel Logiurato)<\/p>\n<p>Libre: Atl\u00e9tico Tapalqu\u00e9.<\/p>\n<p>&nbsp;<\/p>\n<p><img data-recalc-dims=\"1\" loading=\"lazy\" decoding=\"async\" class=\"aligncenter size-full wp-image-34403\" src=\"https:\/\/i0.wp.com\/centraldeportes.com.ar\/wp-content\/uploads\/2023\/04\/UDR-1era-Fecha-9-Zona-4.png?resize=788%2C368\" alt=\"\" width=\"788\" height=\"368\" \/><\/p>\n<p>&nbsp;<\/p>\n<h6><strong>Zona 5:<\/strong><\/h6>\n<p><strong>Lil\u00e1n 0 \u2013 0 Loma Negra<\/strong><\/p>\n<p><strong>San Mart\u00edn<\/strong> (Tom\u00e1s Palacios, Braian Tello y Ezequiel Boado) <strong>3 \u2013 0 Jorge Newbery<\/strong><\/p>\n<p><strong>Independiente (Chillar)<\/strong> (Emanuel Nievas) <strong>1 \u2013 1 Platense<\/strong> (Adri\u00e1n Coridoni)<\/p>\n<p><strong>Juventud<\/strong> (Luis Galv\u00e1n, Pedro Soria y Rodrigo Bustos)<strong> 3 \u2013 4 Municipales<\/strong> (Maico Salamanca -2-, Mart\u00edn Wilt y Franco Janson)<\/p>\n<p>&nbsp;<\/p>\n<p><img data-recalc-dims=\"1\" loading=\"lazy\" decoding=\"async\" class=\"aligncenter size-full wp-image-34404\" src=\"https:\/\/i0.wp.com\/centraldeportes.com.ar\/wp-content\/uploads\/2023\/04\/UDR-1era-Fecha-9-Zona-5.png?resize=791%2C409\" alt=\"\" width=\"791\" height=\"409\" \/><\/p>\n<p>&nbsp;<\/p>\n<h6><strong>Zona 6:<\/strong><\/h6>\n<p><strong>Espigas<\/strong> (Bruno Pal y Franco Torres) <strong>2 \u2013 0 Ingeniero Newbery<\/strong><\/p>\n<p><strong>Racing (La Madrid)<\/strong> (Dylan Arce -2-)<strong> 2 \u2013 2<\/strong> <strong>Sierra Chica<\/strong> (Nazareno Guti\u00e9rrez -2-)<\/p>\n<p><strong>Deportivo Barracas<\/strong> (Agust\u00edn Marconi -2-)<strong> 2 \u2013 2 Hinojo<\/strong> (Mat\u00edas Da Rosa y Joel Pois)<\/p>\n<p><strong>Alumni (Benito Ju\u00e1rez)<\/strong> 0 \u2013 1 <strong>San Jorge<\/strong> (Franco Orsetti)<\/p>\n<p>&nbsp;<\/p>\n<p><img data-recalc-dims=\"1\" loading=\"lazy\" decoding=\"async\" class=\"aligncenter size-full wp-image-34405\" src=\"https:\/\/i0.wp.com\/centraldeportes.com.ar\/wp-content\/uploads\/2023\/04\/UDR-1era-Fecha-9-Zona-6.png?resize=790%2C408\" alt=\"\" width=\"790\" height=\"408\" \/><\/p>\n<p>&nbsp;<\/p>\n<h6>En Reserva:<\/h6>\n<p>&nbsp;<\/p>\n<h6><strong>Zona 1:<\/strong><\/h6>\n<p>Estudiantes<strong> 5 \u2013 0<\/strong> Racing (Olavarr\u00eda)<\/p>\n<p>Atl\u00e9tico Urdampilleta <strong>0 \u2013 0<\/strong> Bancario<\/p>\n<p>Bull Dog <strong>2 \u2013 1<\/strong> Casariego<\/p>\n<p>&nbsp;<\/p>\n<p><img data-recalc-dims=\"1\" loading=\"lazy\" decoding=\"async\" class=\"aligncenter size-full wp-image-34409\" src=\"https:\/\/i0.wp.com\/centraldeportes.com.ar\/wp-content\/uploads\/2023\/04\/UDR-Reserva-Fecha-9-Zona-1.png?resize=790%2C329\" alt=\"\" width=\"790\" height=\"329\" \/><\/p>\n<p>&nbsp;<\/p>\n<h6><strong>Zona 2:<\/strong><\/h6>\n<p>V\u00e9lez <strong>1 \u2013 1<\/strong> River<\/p>\n<p>Alumni (Azul) <strong>2 \u2013 2<\/strong> Azul Athletic<\/p>\n<p>Libre: Boca y Balonpi\u00e9.<\/p>\n<p>&nbsp;<\/p>\n<p><img data-recalc-dims=\"1\" loading=\"lazy\" decoding=\"async\" class=\"aligncenter size-full wp-image-34410\" src=\"https:\/\/i0.wp.com\/centraldeportes.com.ar\/wp-content\/uploads\/2023\/04\/UDR-Reserva-Fecha-9-Zona-2.png?resize=788%2C329\" alt=\"\" width=\"788\" height=\"329\" \/><\/p>\n<p>&nbsp;<\/p>\n<h6><strong>Zona 3:<\/strong><\/h6>\n<p>San Jos\u00e9 <strong>2 \u2013 2<\/strong> Ferro Carril Sud<\/p>\n<p>El Fort\u00edn <strong>3 \u2013 2<\/strong> Empleados de Comercio<\/p>\n<p>Estrellas de Juventud <strong>1 \u2013 2<\/strong> Sportivo Piazza<\/p>\n<p>Libre: Independiente (Bol\u00edvar).<\/p>\n<p>&nbsp;<\/p>\n<p><img data-recalc-dims=\"1\" loading=\"lazy\" decoding=\"async\" class=\"aligncenter size-full wp-image-34411\" src=\"https:\/\/i0.wp.com\/centraldeportes.com.ar\/wp-content\/uploads\/2023\/04\/UDR-Reserva-Fecha-9-Zona-3.png?resize=788%2C388\" alt=\"\" width=\"788\" height=\"388\" \/><\/p>\n<p>&nbsp;<\/p>\n<h6><strong>Zona 4:<\/strong><\/h6>\n<p>Cemento Armado <strong>3 \u2013 3<\/strong> Chacarita<\/p>\n<p>Embajadores <strong>5 \u2013 1<\/strong> Luj\u00e1n<\/p>\n<p>Sarmiento (Tapalqu\u00e9)<strong> 2 \u2013 2<\/strong> Porte\u00f1o<\/p>\n<p>Libre: Atl\u00e9tico Tapalqu\u00e9.<\/p>\n<p>&nbsp;<\/p>\n<p><img data-recalc-dims=\"1\" loading=\"lazy\" decoding=\"async\" class=\"aligncenter size-full wp-image-34412\" src=\"https:\/\/i0.wp.com\/centraldeportes.com.ar\/wp-content\/uploads\/2023\/04\/UDR-Reserva-Fecha-9-Zona-4.png?resize=789%2C364\" alt=\"\" width=\"789\" height=\"364\" \/><\/p>\n<p>&nbsp;<\/p>\n<h6><strong>Zona 5:<\/strong><\/h6>\n<p>Lil\u00e1n <strong>7 \u2013 2<\/strong> Loma Negra<\/p>\n<p>San Mart\u00edn <strong>1 \u2013 2<\/strong> Jorge Newbery<\/p>\n<p>Independiente (Chillar) <strong>2 \u2013 0<\/strong> Platense<\/p>\n<p>Juventud <strong>0 \u2013 1<\/strong> Municipales<\/p>\n<p>&nbsp;<\/p>\n<p><img data-recalc-dims=\"1\" loading=\"lazy\" decoding=\"async\" class=\"aligncenter size-full wp-image-34413\" src=\"https:\/\/i0.wp.com\/centraldeportes.com.ar\/wp-content\/uploads\/2023\/04\/UDR-Reserva-Fecha-9-Zona-5.png?resize=786%2C407\" alt=\"\" width=\"786\" height=\"407\" \/><\/p>\n<p>&nbsp;<\/p>\n<h6><strong>Zona 6:<\/strong><\/h6>\n<p>Espigas <strong>0 \u2013 2<\/strong> Ingeniero Newbery<\/p>\n<p>Racing (La Madrid) <strong>4 \u2013 2<\/strong> Sierra Chica<\/p>\n<p>Deportivo Barracas <strong>3 \u2013 2<\/strong> Hinojo<\/p>\n<p>Alumni (Benito Ju\u00e1rez) <strong>1 \u2013 2<\/strong> San Jorge<\/p>\n<p>&nbsp;<\/p>\n<p><img data-recalc-dims=\"1\" loading=\"lazy\" decoding=\"async\" class=\"aligncenter size-full wp-image-34414\" src=\"https:\/\/i0.wp.com\/centraldeportes.com.ar\/wp-content\/uploads\/2023\/04\/UDR-Reserva-Fecha-9-Zona-6.png?resize=787%2C396\" alt=\"\" width=\"787\" height=\"396\" \/><\/p>\n","protected":false},"excerpt":{"rendered":"<p>Este domingo, en varios escenarios de la zona centro de la provincia, se disputaron 19 de los 20 partidos programados<\/p>\n","protected":false},"author":96739694,"featured_media":154769,"comment_status":"closed","ping_status":"closed","sticky":false,"template":"","format":"standard","meta":{"_jetpack_memberships_contains_paid_content":false,"footnotes":""},"categories":[35,1,41],"tags":[],"class_list":["post-138445","post","type-post","status-publish","format-standard","has-post-thumbnail","hentry","category-futbol","category-portada","category-primera-y-reserva"],"jetpack_featured_media_url":"https:\/\/i0.wp.com\/cdnoticias.com\/wp-content\/uploads\/2023\/04\/cae-rac-7.jpeg?fit=1280%2C853&ssl=1","jetpack_sharing_enabled":true,"_links":{"self":[{"href":"https:\/\/cdnoticias.com\/index.php\/wp-json\/wp\/v2\/posts\/138445","targetHints":{"allow":["GET"]}}],"collection":[{"href":"https:\/\/cdnoticias.com\/index.php\/wp-json\/wp\/v2\/posts"}],"about":[{"href":"https:\/\/cdnoticias.com\/index.php\/wp-json\/wp\/v2\/types\/post"}],"author":[{"embeddable":true,"href":"https:\/\/cdnoticias.com\/index.php\/wp-json\/wp\/v2\/users\/96739694"}],"replies":[{"embeddable":true,"href":"https:\/\/cdnoticias.com\/index.php\/wp-json\/wp\/v2\/comments?post=138445"}],"version-history":[{"count":0,"href":"https:\/\/cdnoticias.com\/index.php\/wp-json\/wp\/v2\/posts\/138445\/revisions"}],"wp:featuredmedia":[{"embeddable":true,"href":"https:\/\/cdnoticias.com\/index.php\/wp-json\/wp\/v2\/media\/154769"}],"wp:attachment":[{"href":"https:\/\/cdnoticias.com\/index.php\/wp-json\/wp\/v2\/media?parent=138445"}],"wp:term":[{"taxonomy":"category","embeddable":true,"href":"https:\/\/cdnoticias.com\/index.php\/wp-json\/wp\/v2\/categories?post=138445"},{"taxonomy":"post_tag","embeddable":true,"href":"https:\/\/cdnoticias.com\/index.php\/wp-json\/wp\/v2\/tags?post=138445"}],"curies":[{"name":"wp","href":"https:\/\/api.w.org\/{rel}","templated":true}]}}