{"id":138441,"date":"2023-04-23T16:06:49","date_gmt":"2023-04-23T19:06:49","guid":{"rendered":"http:\/\/centraldeportes.com.ar\/?p=34342"},"modified":"2025-02-14T00:20:10","modified_gmt":"2025-02-14T03:20:10","slug":"william-brun-cerro-su-participacion-en-el-panamericano","status":"publish","type":"post","link":"https:\/\/cdnoticias.com\/index.php\/2023\/04\/23\/william-brun-cerro-su-participacion-en-el-panamericano\/","title":{"rendered":"William Brun cerr\u00f3 su participaci\u00f3n en el Panamericano"},"content":{"rendered":"<p>Durante el transcurso de la semana hasta el pasado s\u00e1bado, el ciclista olavarriense represent\u00f3 a Argentina en el Campeonato Panamericano de Ruta celebrado en Panam\u00e1.<!--more--><\/p>\n<hr \/>\n<p>El joven ciclista local <strong>William Brun pis\u00f3 tierras paname\u00f1as y fue uno de los tres ciclistas Sub 23 que integr\u00f3 la Selecci\u00f3n Argentina en el Campeonato Panamericano de Ruta<\/strong>, otorgante de boletos para los Juegos Ol\u00edmpicos de Par\u00eds.<\/p>\n<p>&nbsp;<\/p>\n<p>Brun concentr\u00f3 con la delegaci\u00f3n \u201cAlbiceleste\u201d durante el transcurso de la semana y este s\u00e1bado se volc\u00f3 a la acci\u00f3n previo a finalizar su experiencia el pa\u00eds centroamericano.<\/p>\n<p>&nbsp;<\/p>\n<p>El olavarriense <strong>logr\u00f3 completar la carrera<\/strong>, que cont\u00f3 con un extenso recorrido de <strong>153 kil\u00f3metros\u00a0<\/strong> y <strong>arrib\u00f3 en la posici\u00f3n 33\u00b0<\/strong>, a 55 segundos del vencedor chileno Vicente Rojas.<\/p>\n<p>&nbsp;<\/p>\n<p><em><strong>Foto: Prensa FACPyR.<\/strong><\/em><\/p>\n","protected":false},"excerpt":{"rendered":"<p>Durante el transcurso de la semana hasta el pasado s\u00e1bado, el ciclista olavarriense represent\u00f3 a Argentina en el Campeonato Panamericano<\/p>\n","protected":false},"author":96739694,"featured_media":154778,"comment_status":"closed","ping_status":"closed","sticky":false,"template":"","format":"standard","meta":{"_jetpack_memberships_contains_paid_content":false,"footnotes":""},"categories":[30,1],"tags":[],"class_list":["post-138441","post","type-post","status-publish","format-standard","has-post-thumbnail","hentry","category-polideportivo","category-portada"],"jetpack_featured_media_url":"https:\/\/i0.wp.com\/cdnoticias.com\/wp-content\/uploads\/2023\/04\/342991834_772747057561155_3304998016889283425_n.jpg?fit=1013%2C576&ssl=1","jetpack_sharing_enabled":true,"_links":{"self":[{"href":"https:\/\/cdnoticias.com\/index.php\/wp-json\/wp\/v2\/posts\/138441","targetHints":{"allow":["GET"]}}],"collection":[{"href":"https:\/\/cdnoticias.com\/index.php\/wp-json\/wp\/v2\/posts"}],"about":[{"href":"https:\/\/cdnoticias.com\/index.php\/wp-json\/wp\/v2\/types\/post"}],"author":[{"embeddable":true,"href":"https:\/\/cdnoticias.com\/index.php\/wp-json\/wp\/v2\/users\/96739694"}],"replies":[{"embeddable":true,"href":"https:\/\/cdnoticias.com\/index.php\/wp-json\/wp\/v2\/comments?post=138441"}],"version-history":[{"count":0,"href":"https:\/\/cdnoticias.com\/index.php\/wp-json\/wp\/v2\/posts\/138441\/revisions"}],"wp:featuredmedia":[{"embeddable":true,"href":"https:\/\/cdnoticias.com\/index.php\/wp-json\/wp\/v2\/media\/154778"}],"wp:attachment":[{"href":"https:\/\/cdnoticias.com\/index.php\/wp-json\/wp\/v2\/media?parent=138441"}],"wp:term":[{"taxonomy":"category","embeddable":true,"href":"https:\/\/cdnoticias.com\/index.php\/wp-json\/wp\/v2\/categories?post=138441"},{"taxonomy":"post_tag","embeddable":true,"href":"https:\/\/cdnoticias.com\/index.php\/wp-json\/wp\/v2\/tags?post=138441"}],"curies":[{"name":"wp","href":"https:\/\/api.w.org\/{rel}","templated":true}]}}