{"id":138440,"date":"2023-04-23T15:44:09","date_gmt":"2023-04-23T18:44:09","guid":{"rendered":"http:\/\/centraldeportes.com.ar\/?p=34338"},"modified":"2025-02-14T00:20:11","modified_gmt":"2025-02-14T03:20:11","slug":"bochas-olavarria-tiene-subcampeon-provincial-y-ademas-hubo-doble-jornada-local","status":"publish","type":"post","link":"https:\/\/cdnoticias.com\/index.php\/2023\/04\/23\/bochas-olavarria-tiene-subcampeon-provincial-y-ademas-hubo-doble-jornada-local\/","title":{"rendered":"Bochas: Olavarr\u00eda tiene subcampe\u00f3n provincial y adem\u00e1s hubo doble jornada local"},"content":{"rendered":"<p>D\u00edas atr\u00e1s, Juan Pablo Notararigo cay\u00f3 en la final provincial ante Fernando Ort\u00edz y qued\u00f3 en la segunda posici\u00f3n del campeonato. A su vez, durante el transcurso de la semana se jugaron m\u00e1s fechas en la categor\u00eda Por Parejas y el Selectivo Individual Femenino. \u00a0<!--more--><\/p>\n<hr \/>\n<p>El olavarriense <strong>Juan Pablo Notararigo particip\u00f3 el pasado fin de semana del Campeonato Provincial Individual de Primera disputado en Jun\u00edn<\/strong> y lleg\u00f3 hasta las instancias finales. All\u00ed, el representante de Pueblo Nuevo <strong>se midi\u00f3 en la definici\u00f3n contra Fernando Ortiz<\/strong>, de Magdalena, en un disputado duelo ejecutado en la cancha sint\u00e9tica del Club Gimnasia y Esgrima y<strong> cay\u00f3 12 a 9 por lo que se qued\u00f3 con el subcampeonato<\/strong>.<\/p>\n<p>&nbsp;<\/p>\n<p>No obstante este domingo,<strong> Notararigo junto a Mart\u00edn Orradre (La Amistad) y Ernesto Hammerschmidt (San Mart\u00edn) estar\u00e1n participando en Bolivar del certamen Zonal en Parejas de Primera<\/strong> contra representantes de la vecina ciudad y de 9 de Julio. Vale destacar que el evento ser\u00e1 clasificatorio para el Provincial a disputarse el pr\u00f3ximo 6 y 7 de mayo en Lincoln.<\/p>\n<p>&nbsp;<\/p>\n<p>Por otro lado, durante la semana hubo mucha actividad local con el desarrollo de <strong>fechas dobles en el Torneo Oficial por Parejas Caballeros y el Selectivo Individual en Damas<\/strong>.<\/p>\n<p>&nbsp;<\/p>\n<h6><strong>Resultados:<\/strong><\/h6>\n<p>&nbsp;<\/p>\n<h6>9\u00b0 fecha \u2013 En Primera<\/h6>\n<p>Loma Negra <strong>6 \u2013 15<\/strong> Pueblo Nuevo<\/p>\n<p>El Fort\u00edn <strong>15 \u2013 5<\/strong> Hinojo<\/p>\n<p>Sierra Chica <strong>10 \u2013 15<\/strong> La Amistad<\/p>\n<p>Fort\u00edn Tradicionalista <strong>7 \u2013 15<\/strong> San Mart\u00edn<\/p>\n<p>Libre: \u00c1lvaro Barros.<\/p>\n<p>&nbsp;<\/p>\n<h6>En Segunda<\/h6>\n<p>Loma Negra <strong>9 \u2013 15<\/strong> Pueblo Nuevo<\/p>\n<p>El Fort\u00edn<strong> 15 \u2013 4<\/strong> Hinojo<\/p>\n<p>Sierra Chica <strong>1 \u2013 15<\/strong> La Amistad<\/p>\n<p>Fort\u00edn Tradicionalista <strong>3 \u2013 15<\/strong> San Mart\u00edn<\/p>\n<p>Libre: \u00c1lvaro Barros.<\/p>\n<p>&nbsp;<\/p>\n<h6>10\u00b0 fecha \u2013 En Primera<\/h6>\n<p>La Amistad <strong>15 \u2013<\/strong> <strong>3<\/strong> Fort\u00edn Tradicionalista<\/p>\n<p>San Mart\u00edn <strong>15 \u2013 6<\/strong> El Fort\u00edn<\/p>\n<p>Hinojo <strong>15 \u2013 4<\/strong> Loma Negra<\/p>\n<p>Pueblo Nuevo <strong>15 \u2013 9<\/strong> \u00c1lvaro Barros<\/p>\n<p>Libre: Sierra Chica.<\/p>\n<p>&nbsp;<\/p>\n<h6>En Segunda<\/h6>\n<p>La Amistad <strong>15 \u2013 14<\/strong> Fort\u00edn Tradicionalista<\/p>\n<p>San Mart\u00edn<strong> 15 \u2013 13<\/strong> El Fort\u00edn<\/p>\n<p>Hinojo <strong>2 \u2013 15<\/strong> Loma Negra<\/p>\n<p>Pueblo Nuevo <strong>15 \u2013 5<\/strong> \u00c1lvaro Barros<\/p>\n<p>Libre: Sierra Chica.<\/p>\n<hr \/>\n<h6><strong>Damas \u2013 Selectivo Individual<\/strong><\/h6>\n<p>&nbsp;<\/p>\n<h6>10\u00b0 fecha<\/h6>\n<p>Silvia Battiato (\u00c1lvaro Barros) <strong>12 \u2013 5<\/strong> \u00c9rica Quinteros (Pueblo Nuevo)<\/p>\n<p>Liliana Gelso (\u00c1lvaro Barros) <strong>2 \u2013 12<\/strong> Mar\u00eda Ma\u00edz (Pueblo Nuevo)<\/p>\n<p>Emilce C\u00f3rdoba (\u00c1lvaro Barros) <strong>12 \u2013 7<\/strong> Vanesa Landoni (Fort\u00edn Tradicionalista)<\/p>\n<p>Norma Bravo (La Amistad) <strong>12 \u2013 5<\/strong> Susana Zabaleta (Loma Negra)<\/p>\n<p>Jorgelina Ferreyra (Fort\u00edn Tradicionalista) <strong>3 \u2013 12<\/strong> Andrea Fischer (Fort\u00edn Tradicionalista)<\/p>\n<p>Beatriz Maceo (Pueblo Nuevo) <strong>12 \u2013 2<\/strong> Josefina Aquerreta (Fort\u00edn Tradicionalista)<\/p>\n<p>Fernanda L\u00f3pez (\u00c1lvaro Barros) <strong>12 \u2013 5<\/strong> Karina Urrutia (Loma Negra)<\/p>\n<p>&nbsp;<\/p>\n<h6>11\u00b0 fecha<\/h6>\n<p>Silvia Battiato (\u00c1lvaro Barros)<strong> 12 \u2013 10<\/strong> Josefina Aquerreta (Fort\u00edn Tradicionalista)<\/p>\n<p>Fernanda L\u00f3pez (\u00c1lvaro Barros) <strong>12 \u2013 8<\/strong> Norma Bravo (La Amistad)<\/p>\n<p>Emilce C\u00f3rdoba (\u00c1lvaro Barros) <strong>7 \u2013 12<\/strong> Beatriz Maceo (Pueblo Nuevo)<\/p>\n<p>Liliana Gelso (\u00c1lvaro Barros) <strong>12 \u2013 3<\/strong> Susana Zabaleta (Loma Negra)<\/p>\n<p>Mar\u00eda Ma\u00edz (Pueblo Nuevo) <strong>12 \u2013 5<\/strong> Andrea Fischer (Fort\u00edn Tradicionalista)<\/p>\n<p>Jorgelina Ferreyra (Fort\u00edn Tradicionalista) <strong>7 \u2013 12<\/strong> \u00c9rica Quinteros (Pueblo Nuevo)<\/p>\n<p>Vanesa Landoni (Fort\u00edn Tradicionalista)<strong> 12 \u2013 11<\/strong> Karina Urrutia (Loma Negra)<\/p>\n","protected":false},"excerpt":{"rendered":"<p>D\u00edas atr\u00e1s, Juan Pablo Notararigo cay\u00f3 en la final provincial ante Fernando Ort\u00edz y qued\u00f3 en la segunda posici\u00f3n del<\/p>\n","protected":false},"author":96739694,"featured_media":154780,"comment_status":"closed","ping_status":"closed","sticky":false,"template":"","format":"standard","meta":{"_jetpack_memberships_contains_paid_content":false,"footnotes":""},"categories":[30,1],"tags":[],"class_list":["post-138440","post","type-post","status-publish","format-standard","has-post-thumbnail","hentry","category-polideportivo","category-portada"],"jetpack_featured_media_url":"https:\/\/i0.wp.com\/cdnoticias.com\/wp-content\/uploads\/2023\/04\/Bochas-Selectivo-Individual-10%C2%B0-fecha-e1682275397856.jpeg?fit=1079%2C744&ssl=1","jetpack_sharing_enabled":true,"_links":{"self":[{"href":"https:\/\/cdnoticias.com\/index.php\/wp-json\/wp\/v2\/posts\/138440","targetHints":{"allow":["GET"]}}],"collection":[{"href":"https:\/\/cdnoticias.com\/index.php\/wp-json\/wp\/v2\/posts"}],"about":[{"href":"https:\/\/cdnoticias.com\/index.php\/wp-json\/wp\/v2\/types\/post"}],"author":[{"embeddable":true,"href":"https:\/\/cdnoticias.com\/index.php\/wp-json\/wp\/v2\/users\/96739694"}],"replies":[{"embeddable":true,"href":"https:\/\/cdnoticias.com\/index.php\/wp-json\/wp\/v2\/comments?post=138440"}],"version-history":[{"count":0,"href":"https:\/\/cdnoticias.com\/index.php\/wp-json\/wp\/v2\/posts\/138440\/revisions"}],"wp:featuredmedia":[{"embeddable":true,"href":"https:\/\/cdnoticias.com\/index.php\/wp-json\/wp\/v2\/media\/154780"}],"wp:attachment":[{"href":"https:\/\/cdnoticias.com\/index.php\/wp-json\/wp\/v2\/media?parent=138440"}],"wp:term":[{"taxonomy":"category","embeddable":true,"href":"https:\/\/cdnoticias.com\/index.php\/wp-json\/wp\/v2\/categories?post=138440"},{"taxonomy":"post_tag","embeddable":true,"href":"https:\/\/cdnoticias.com\/index.php\/wp-json\/wp\/v2\/tags?post=138440"}],"curies":[{"name":"wp","href":"https:\/\/api.w.org\/{rel}","templated":true}]}}