{"id":138432,"date":"2023-04-22T13:46:24","date_gmt":"2023-04-22T16:46:24","guid":{"rendered":"http:\/\/centraldeportes.com.ar\/?p=34285"},"modified":"2025-02-14T00:20:26","modified_gmt":"2025-02-14T03:20:26","slug":"los-infantiles-jugaron-el-torneo-promocional-jti","status":"publish","type":"post","link":"https:\/\/cdnoticias.com\/index.php\/2023\/04\/22\/los-infantiles-jugaron-el-torneo-promocional-jti\/","title":{"rendered":"Los infantiles jugaron el Torneo Promocional JTI"},"content":{"rendered":"<p>En Loma Negra y La Pedrera, se jug\u00f3 el Torneo Regional de Menores con un gran n\u00famero de tenistas representantes de todos los clubes olavarrienses.<!--more--><\/p>\n<hr \/>\n<p>El Torneo Promocional JTI que cont\u00f3 con un centenar de tenistas de las entidades locales sirvi\u00f3 para fomentar la actividad interna y durante dos d\u00edas hubo competencias. Adem\u00e1s, se realiz\u00f3 la entrega de premios de los campeones anuales 2022 por categor\u00edas.<\/p>\n<p>&nbsp;<\/p>\n<p>En representaci\u00f3n de Estudiantes hubo tpitulos para Agust\u00edn Alem en Sub14 A, Facundo Cura en Sub10 B, Lucas Gutman en Sub14 B, Natalie Mourla en Sub14 C e Ignacio Tessone en Sub10 A.<\/p>\n<p>&nbsp;<\/p>\n<p>Martin Ruiz D\u00edaz en la categor\u00eda Sub17 B y Dante Chiodi Montero en la categor\u00eda Cancha Verde fueron los que festejaron en representaci\u00f3n de El Fort\u00edn.<\/p>\n<p>&nbsp;<\/p>\n<p>Tambi\u00e9n participaron tenistas de Ferro, Racing, La Pedrera y Loma Negra.<\/p>\n","protected":false},"excerpt":{"rendered":"<p>En Loma Negra y La Pedrera, se jug\u00f3 el Torneo Regional de Menores con un gran n\u00famero de tenistas representantes<\/p>\n","protected":false},"author":96739694,"featured_media":154806,"comment_status":"closed","ping_status":"closed","sticky":false,"template":"","format":"standard","meta":{"_jetpack_memberships_contains_paid_content":false,"footnotes":""},"categories":[30,1],"tags":[],"class_list":["post-138432","post","type-post","status-publish","format-standard","has-post-thumbnail","hentry","category-polideportivo","category-portada"],"jetpack_featured_media_url":"https:\/\/i0.wp.com\/cdnoticias.com\/wp-content\/uploads\/2023\/04\/341788163_176446575325359_4146406234305208229_n-e1682181975114.jpg?fit=960%2C490&ssl=1","jetpack_sharing_enabled":true,"_links":{"self":[{"href":"https:\/\/cdnoticias.com\/index.php\/wp-json\/wp\/v2\/posts\/138432","targetHints":{"allow":["GET"]}}],"collection":[{"href":"https:\/\/cdnoticias.com\/index.php\/wp-json\/wp\/v2\/posts"}],"about":[{"href":"https:\/\/cdnoticias.com\/index.php\/wp-json\/wp\/v2\/types\/post"}],"author":[{"embeddable":true,"href":"https:\/\/cdnoticias.com\/index.php\/wp-json\/wp\/v2\/users\/96739694"}],"replies":[{"embeddable":true,"href":"https:\/\/cdnoticias.com\/index.php\/wp-json\/wp\/v2\/comments?post=138432"}],"version-history":[{"count":0,"href":"https:\/\/cdnoticias.com\/index.php\/wp-json\/wp\/v2\/posts\/138432\/revisions"}],"wp:featuredmedia":[{"embeddable":true,"href":"https:\/\/cdnoticias.com\/index.php\/wp-json\/wp\/v2\/media\/154806"}],"wp:attachment":[{"href":"https:\/\/cdnoticias.com\/index.php\/wp-json\/wp\/v2\/media?parent=138432"}],"wp:term":[{"taxonomy":"category","embeddable":true,"href":"https:\/\/cdnoticias.com\/index.php\/wp-json\/wp\/v2\/categories?post=138432"},{"taxonomy":"post_tag","embeddable":true,"href":"https:\/\/cdnoticias.com\/index.php\/wp-json\/wp\/v2\/tags?post=138432"}],"curies":[{"name":"wp","href":"https:\/\/api.w.org\/{rel}","templated":true}]}}