{"id":138431,"date":"2023-04-22T03:16:26","date_gmt":"2023-04-22T06:16:26","guid":{"rendered":"http:\/\/centraldeportes.com.ar\/?p=34268"},"modified":"2025-02-14T00:20:26","modified_gmt":"2025-02-14T03:20:26","slug":"inferiores-el-clasico-del-riel-le-dio-color-al-arranque-de-la-2-fecha","status":"publish","type":"post","link":"https:\/\/cdnoticias.com\/index.php\/2023\/04\/22\/inferiores-el-clasico-del-riel-le-dio-color-al-arranque-de-la-2-fecha\/","title":{"rendered":"Inferiores: el \u201cCl\u00e1sico del Riel\u201d le dio color al arranque de la 2\u00b0 fecha"},"content":{"rendered":"<p>Este viernes se puso en marcha la 2\u00b0 cita del certamen juvenil con acci\u00f3n en dos escenarios de la ciudad.<!--more--><\/p>\n<hr \/>\n<p><strong>Los m\u00e1s chicos de la<\/strong> <strong>Liga de F\u00fatbol de Olavarr\u00eda<\/strong> movieron la pelota en la jornada de este viernes y<strong> le dieron inicio a la 2\u00b0 fecha del Torneo Apertura<\/strong>. Con el atractivo del \u201cCl\u00e1sico del Riel\u201d para este fin de semana, las acciones se llevaron a cabo en el <strong>Parque Carlos Guerrero y el Domingo Colasurdo<\/strong>.<\/p>\n<p>&nbsp;<\/p>\n<p>Durante la velada, <strong>se jugaron cinco partidos de los diecinueve pactados<\/strong> en la programaci\u00f3n con actividad en Sexta, S\u00e9ptima y Quinta Divisi\u00f3n. Por un lado, el \u201cBataraz\u201d se llev\u00f3 los dos ante Municipales, mientras que en el cl\u00e1sico hubo resultados repartidos.<\/p>\n<p>&nbsp;<\/p>\n<p>La fecha tendr\u00e1 continuidad este s\u00e1bado con los dem\u00e1s partidos entre ambos cruces y adem\u00e1s se medir\u00e1n <strong>Hinojo \u2013 Loma Negra, Embajadores \u2013 San Mart\u00edn y Sierra Chica \u2013 Racing<\/strong>.<\/p>\n<p>&nbsp;<\/p>\n\n<p>&nbsp;<\/p>\n<h6><strong>Resultados:<\/strong><\/h6>\n<p>&nbsp;<\/p>\n<p><strong>En Sexta:<\/strong><\/p>\n<p>Estudiantes <strong>3 \u2013 1<\/strong> Municipales<\/p>\n<p>Ferro <strong>0 \u2013 1<\/strong> El Fort\u00edn<\/p>\n<p>&nbsp;<\/p>\n<p><strong>En S\u00e9ptima:<\/strong><\/p>\n<p>Ferro <strong>1 \u2013 0<\/strong> El Fort\u00edn<\/p>\n<p>&nbsp;<\/p>\n<p><strong>En Quinta:<\/strong><\/p>\n<p>Estudiantes <strong>2 \u2013 1<\/strong> Municipales<\/p>\n<p>Ferro <strong>0 \u2013 0<\/strong> El Fort\u00edn<\/p>\n","protected":false},"excerpt":{"rendered":"<p>Este viernes se puso en marcha la 2\u00b0 cita del certamen juvenil con acci\u00f3n en dos escenarios de la ciudad.<\/p>\n","protected":false},"author":96739694,"featured_media":154810,"comment_status":"closed","ping_status":"closed","sticky":false,"template":"","format":"standard","meta":{"_jetpack_memberships_contains_paid_content":false,"footnotes":""},"categories":[35,40,1],"tags":[],"class_list":["post-138431","post","type-post","status-publish","format-standard","has-post-thumbnail","hentry","category-futbol","category-inferiores","category-portada"],"jetpack_featured_media_url":"https:\/\/i0.wp.com\/cdnoticias.com\/wp-content\/uploads\/2023\/04\/Inferiores-Ferro-El-Fort%C3%ADn-scaled.jpg?fit=2560%2C1707&ssl=1","jetpack_sharing_enabled":true,"_links":{"self":[{"href":"https:\/\/cdnoticias.com\/index.php\/wp-json\/wp\/v2\/posts\/138431","targetHints":{"allow":["GET"]}}],"collection":[{"href":"https:\/\/cdnoticias.com\/index.php\/wp-json\/wp\/v2\/posts"}],"about":[{"href":"https:\/\/cdnoticias.com\/index.php\/wp-json\/wp\/v2\/types\/post"}],"author":[{"embeddable":true,"href":"https:\/\/cdnoticias.com\/index.php\/wp-json\/wp\/v2\/users\/96739694"}],"replies":[{"embeddable":true,"href":"https:\/\/cdnoticias.com\/index.php\/wp-json\/wp\/v2\/comments?post=138431"}],"version-history":[{"count":0,"href":"https:\/\/cdnoticias.com\/index.php\/wp-json\/wp\/v2\/posts\/138431\/revisions"}],"wp:featuredmedia":[{"embeddable":true,"href":"https:\/\/cdnoticias.com\/index.php\/wp-json\/wp\/v2\/media\/154810"}],"wp:attachment":[{"href":"https:\/\/cdnoticias.com\/index.php\/wp-json\/wp\/v2\/media?parent=138431"}],"wp:term":[{"taxonomy":"category","embeddable":true,"href":"https:\/\/cdnoticias.com\/index.php\/wp-json\/wp\/v2\/categories?post=138431"},{"taxonomy":"post_tag","embeddable":true,"href":"https:\/\/cdnoticias.com\/index.php\/wp-json\/wp\/v2\/tags?post=138431"}],"curies":[{"name":"wp","href":"https:\/\/api.w.org\/{rel}","templated":true}]}}