{"id":138429,"date":"2023-04-22T00:13:59","date_gmt":"2023-04-22T03:13:59","guid":{"rendered":"http:\/\/centraldeportes.com.ar\/?p=34258"},"modified":"2025-02-14T00:21:04","modified_gmt":"2025-02-14T03:21:04","slug":"chacarita-festejo-en-el-reducto-del-leon","status":"publish","type":"post","link":"https:\/\/cdnoticias.com\/index.php\/2023\/04\/22\/chacarita-festejo-en-el-reducto-del-leon\/","title":{"rendered":"Chacarita festej\u00f3 en el reducto del \u201cLe\u00f3n\u201d"},"content":{"rendered":"<p>El equipo de Azul sum\u00f3 su segunda victoria seguida en el Torneo Apertura organizado por la Asociaci\u00f3n de B\u00e1squet de Olavarr\u00eda al derrotar en la noche del viernes a San Mart\u00edn por 74 a 49.<!--more--><\/p>\n<hr \/>\n<p>En la noche del viernes se cerr\u00f3 la 4\u00b0 fecha de la competencia dom\u00e9stica y fue con conquista para Chacarita que no pas\u00f3 mayores sobresaltos a lo largo de los 40 minutos ante el juvenil equipo del \u201cLe\u00f3n\u201d.<\/p>\n<p>&nbsp;<\/p>\n<p>Tom\u00e1s Acevedo fue el m\u00e1ximo anotador del partido con 22 puntos, mientras que en San Mart\u00edn que sigue sin ganar en el certamen, Aldo Alveza anot\u00f3 16.<\/p>\n<p>&nbsp;<\/p>\n<h6><strong>Tabla de posiciones finalizada la 4\u00b0 fecha:<\/strong><\/h6>\n<p>&nbsp;<\/p>\n<p><img data-recalc-dims=\"1\" loading=\"lazy\" decoding=\"async\" class=\"aligncenter size-full wp-image-34281\" src=\"https:\/\/i0.wp.com\/centraldeportes.com.ar\/wp-content\/uploads\/2023\/04\/Posiciones-Torneo-Primera-ABO-4%C2%B0-fecha.png?resize=793%2C500\" alt=\"\" width=\"793\" height=\"500\" \/><\/p>\n<p>&nbsp;<\/p>\n<p>S\u00edntesis San Mart\u00edn \u2013 Chacarita:<\/p>\n<p>Estadio: San Mart\u00edn<\/p>\n<p>\u00c1rbitros: Chantiri, A. y Sosa, J.<\/p>\n<p><strong>San Mart\u00edn (49): Calandra (2), Boado (11), Duca (7), Alveza (16), Sandoval (11) -FI- Petersen (2), Balbioni (0), Plaqu\u00edn (0). DT- Nelson Cervantes<\/strong><\/p>\n<p><strong>Chacarita (74): Mingarro (6), Acevedo (22), Borra Trussi, R. (3), Schwab (16), Huarte (10) -FI-Borra Trussi, F. (9), Nu\u00f1ez (6), Giuliani (2). DT- Mart\u00edn Encinas<\/strong><\/p>\n<p>Parciales: 11 \u2013 23; 25 \u2013 48; 35 \u2013 59 y 49 \u2013 74.<\/p>\n","protected":false},"excerpt":{"rendered":"<p>El equipo de Azul sum\u00f3 su segunda victoria seguida en el Torneo Apertura organizado por la Asociaci\u00f3n de B\u00e1squet de<\/p>\n","protected":false},"author":96739694,"featured_media":164171,"comment_status":"closed","ping_status":"closed","sticky":false,"template":"","format":"standard","meta":{"_jetpack_memberships_contains_paid_content":false,"footnotes":""},"categories":[31,1,43],"tags":[],"class_list":["post-138429","post","type-post","status-publish","format-standard","has-post-thumbnail","hentry","category-basquet","category-portada","category-primera"],"jetpack_featured_media_url":"https:\/\/i0.wp.com\/cdnoticias.com\/wp-content\/uploads\/2023\/04\/WhatsApp-Image-2023-04-21-at-23.58.47-1-e1682133230128.jpeg?fit=960%2C578&ssl=1","jetpack_sharing_enabled":true,"_links":{"self":[{"href":"https:\/\/cdnoticias.com\/index.php\/wp-json\/wp\/v2\/posts\/138429","targetHints":{"allow":["GET"]}}],"collection":[{"href":"https:\/\/cdnoticias.com\/index.php\/wp-json\/wp\/v2\/posts"}],"about":[{"href":"https:\/\/cdnoticias.com\/index.php\/wp-json\/wp\/v2\/types\/post"}],"author":[{"embeddable":true,"href":"https:\/\/cdnoticias.com\/index.php\/wp-json\/wp\/v2\/users\/96739694"}],"replies":[{"embeddable":true,"href":"https:\/\/cdnoticias.com\/index.php\/wp-json\/wp\/v2\/comments?post=138429"}],"version-history":[{"count":0,"href":"https:\/\/cdnoticias.com\/index.php\/wp-json\/wp\/v2\/posts\/138429\/revisions"}],"wp:featuredmedia":[{"embeddable":true,"href":"https:\/\/cdnoticias.com\/index.php\/wp-json\/wp\/v2\/media\/164171"}],"wp:attachment":[{"href":"https:\/\/cdnoticias.com\/index.php\/wp-json\/wp\/v2\/media?parent=138429"}],"wp:term":[{"taxonomy":"category","embeddable":true,"href":"https:\/\/cdnoticias.com\/index.php\/wp-json\/wp\/v2\/categories?post=138429"},{"taxonomy":"post_tag","embeddable":true,"href":"https:\/\/cdnoticias.com\/index.php\/wp-json\/wp\/v2\/tags?post=138429"}],"curies":[{"name":"wp","href":"https:\/\/api.w.org\/{rel}","templated":true}]}}