{"id":138427,"date":"2023-04-21T19:40:20","date_gmt":"2023-04-21T22:40:20","guid":{"rendered":"http:\/\/centraldeportes.com.ar\/?p=34250"},"modified":"2025-02-14T00:21:08","modified_gmt":"2025-02-14T03:21:08","slug":"a-dias-del-clasico-estudiantes-cambio-de-dt","status":"publish","type":"post","link":"https:\/\/cdnoticias.com\/index.php\/2023\/04\/21\/a-dias-del-clasico-estudiantes-cambio-de-dt\/","title":{"rendered":"A d\u00edas del cl\u00e1sico, Estudiantes cambi\u00f3 de DT"},"content":{"rendered":"<p>Emmanuel Echeverr\u00eda se har\u00e1 cargo del primer equipo \u201cBataraz\u201d tras la salida de Nicol\u00e1s Serantes, qui\u00e9n ser\u00e1 ayudante de campo de Duilio Botella en Juventud Unida de San Luis.<!--more--><\/p>\n<hr \/>\n<p>La <strong>entidad \u201cAlbinegra\u201d anunci\u00f3<\/strong> en la tarde de este viernes<strong> el renovado cuerpo t\u00e9cnico de la Primera de Estudiantes tras la salida de Nicol\u00e1s Serantes<\/strong> en la conducci\u00f3n t\u00e9cnica <strong>y de Mat\u00edas Gonz\u00e1lez<\/strong> en la preparaci\u00f3n f\u00edsica.<\/p>\n<p>&nbsp;<\/p>\n<p>Es que en las \u00faltimas horas, tanto el t\u00e9cnico como el \u201cprofe\u201d<strong> aceptaron la oferta laboral de Juventud Unida de San Luis (Federal A)<\/strong> y se unir\u00e1n al equipo de trabajo <strong>encabezado por Duilio Botella<\/strong>, quien estuvo al mando del \u201cBata\u201d en el \u00faltimo Torneo Regional Amateur.<\/p>\n<p>&nbsp;<\/p>\n<p>&nbsp;<\/p>\n<figure id=\"attachment_29352\" aria-describedby=\"caption-attachment-29352\" style=\"width: 800px\" class=\"wp-caption aligncenter\"><img data-recalc-dims=\"1\" loading=\"lazy\" decoding=\"async\" class=\"wp-image-29352 size-large\" src=\"https:\/\/i0.wp.com\/centraldeportes.com.ar\/wp-content\/uploads\/2023\/01\/Emmanuel-Echeverr%C3%ADa-y-Nicol%C3%A1s-Serantes-CAE-1024x678.jpg?resize=800%2C530\" alt=\"\" width=\"800\" height=\"530\" \/><figcaption id=\"caption-attachment-29352\" class=\"wp-caption-text\">Cr\u00e9dito: Prensa CAE<\/figcaption><\/figure>\n<p>&nbsp;<\/p>\n<p>Por tal motivo,<strong> Emmanuel Echeverr\u00eda se har\u00e1 cargo de los equipos de Primera y Reserva<\/strong> para lo que resta del Torneo Interligas. El \u201cChueco\u201d estar\u00e1 acompa\u00f1ado por <strong>Rub\u00e9n \u201cLolo\u201d Istilliarte<\/strong> como ayudante de campo y por <strong>Iv\u00e1n Nu\u00f1ez<\/strong> como nuevo preparador f\u00edsico.<\/p>\n<p>&nbsp;<\/p>\n<p>El primer gran desaf\u00edo para el flamante cuerpo t\u00e9cnico ser\u00e1 el cl\u00e1sico ante Racing por la 9\u00b0 fecha del certamen organizado por la Uni\u00f3n Deportiva Regional. <strong>El choque se disputar\u00e1 el pr\u00f3ximo domingo desde las 17:00 horas en el estadio central del Parque Carlos Guerrero<\/strong>.<\/p>\n","protected":false},"excerpt":{"rendered":"<p>Emmanuel Echeverr\u00eda se har\u00e1 cargo del primer equipo \u201cBataraz\u201d tras la salida de Nicol\u00e1s Serantes, qui\u00e9n ser\u00e1 ayudante de campo<\/p>\n","protected":false},"author":96739694,"featured_media":164177,"comment_status":"closed","ping_status":"closed","sticky":false,"template":"","format":"standard","meta":{"_jetpack_memberships_contains_paid_content":false,"footnotes":""},"categories":[35,1,41],"tags":[],"class_list":["post-138427","post","type-post","status-publish","format-standard","has-post-thumbnail","hentry","category-futbol","category-portada","category-primera-y-reserva"],"jetpack_featured_media_url":"https:\/\/i0.wp.com\/cdnoticias.com\/wp-content\/uploads\/2023\/03\/conferencia-cae-9.jpeg?fit=1500%2C1000&ssl=1","jetpack_sharing_enabled":true,"_links":{"self":[{"href":"https:\/\/cdnoticias.com\/index.php\/wp-json\/wp\/v2\/posts\/138427","targetHints":{"allow":["GET"]}}],"collection":[{"href":"https:\/\/cdnoticias.com\/index.php\/wp-json\/wp\/v2\/posts"}],"about":[{"href":"https:\/\/cdnoticias.com\/index.php\/wp-json\/wp\/v2\/types\/post"}],"author":[{"embeddable":true,"href":"https:\/\/cdnoticias.com\/index.php\/wp-json\/wp\/v2\/users\/96739694"}],"replies":[{"embeddable":true,"href":"https:\/\/cdnoticias.com\/index.php\/wp-json\/wp\/v2\/comments?post=138427"}],"version-history":[{"count":0,"href":"https:\/\/cdnoticias.com\/index.php\/wp-json\/wp\/v2\/posts\/138427\/revisions"}],"wp:featuredmedia":[{"embeddable":true,"href":"https:\/\/cdnoticias.com\/index.php\/wp-json\/wp\/v2\/media\/164177"}],"wp:attachment":[{"href":"https:\/\/cdnoticias.com\/index.php\/wp-json\/wp\/v2\/media?parent=138427"}],"wp:term":[{"taxonomy":"category","embeddable":true,"href":"https:\/\/cdnoticias.com\/index.php\/wp-json\/wp\/v2\/categories?post=138427"},{"taxonomy":"post_tag","embeddable":true,"href":"https:\/\/cdnoticias.com\/index.php\/wp-json\/wp\/v2\/tags?post=138427"}],"curies":[{"name":"wp","href":"https:\/\/api.w.org\/{rel}","templated":true}]}}