{"id":138426,"date":"2023-04-21T18:28:45","date_gmt":"2023-04-21T21:28:45","guid":{"rendered":"http:\/\/centraldeportes.com.ar\/?p=34242"},"modified":"2025-02-14T00:21:10","modified_gmt":"2025-02-14T03:21:10","slug":"liga-federal-lo-que-falta-y-como-sigue-el-camino-para-racing-y-estudiantes","status":"publish","type":"post","link":"https:\/\/cdnoticias.com\/index.php\/2023\/04\/21\/liga-federal-lo-que-falta-y-como-sigue-el-camino-para-racing-y-estudiantes\/","title":{"rendered":"Liga Federal: lo que falta y c\u00f3mo sigue el camino para Racing y Estudiantes"},"content":{"rendered":"<p>El \u201cChaira\u201d sum\u00f3 dos incorporaciones para lo que resta de la temporada y afrontar\u00e1 este viernes su primer compromiso en General Pico. Adem\u00e1s, el \u201cBata\u201d jugar\u00e1 el domingo en Tandil y luego definir\u00e1 de local los \u00faltimos enfrentamientos de la Fase Regular.<!--more--><\/p>\n<hr \/>\n<p>La primera etapa de la <strong>Liga Federal 2023<\/strong> entr\u00f3 en la recta final y los dos representantes olavarrienses se preparan para encarar sus \u00faltimos partidos correspondientes a la <strong>Fase Regular de la Divisi\u00f3n Sureste<\/strong>. Este<strong> viernes desde las 21:00 horas, el \u201cChaira\u201d iniciar\u00e1 su \u00faltima gira de visitante frente a Sportivo Independiente<\/strong> de General Pico en el Gigante de la Avenida.<\/p>\n<p>&nbsp;<\/p>\n<p>Con poco descanso, <strong>volver\u00e1 a jugar este s\u00e1bado 22 contra Ferro Carril Oeste (20:00)\u00a0<\/strong>y <strong>cerrar\u00e1 abril frente a All Boys de Santa Rosa el domingo 30<\/strong> en el gimnasio del Parque Olavarr\u00eda. Posteriormente en mayo, <strong>ser\u00e1 nuevamente local de Atenas de La Plata (07\/05)<\/strong> <strong>y finalizar\u00e1 contra Estudiantes en el Maxigimnasio (12\/05)<\/strong>.<\/p>\n<p>&nbsp;<\/p>\n<p>M\u00e1s all\u00e1 del calendario,<strong> el elenco de la \u201cEstrellita\u201d anunci\u00f3 el pasado mi\u00e9rcoles la incorporaci\u00f3n de Gianluca Nolasco (inactivo) y Luciano Tambucci (ex J\u00e1chal en Liga Argentina) al equipo para lo que resta de la temporada<\/strong>. Ambos i<strong>ngresan a la lista de buena fe en lugar de Gonzalo Alonso y Mat\u00edas Santana<\/strong>, quienes seguir\u00e1n vinculados al a la instituci\u00f3n para competir en el certamen dom\u00e9stico.<\/p>\n<p>&nbsp;<\/p>\n<div class=\"tiled-gallery type-rectangular tiled-gallery-unresized\" data-original-width=\"800\" data-carousel-extra='null' itemscope itemtype=\"http:\/\/schema.org\/ImageGallery\" > <div class=\"gallery-row\" style=\"width: 800px; height: 244px;\" data-original-width=\"800\" data-original-height=\"244\" > <div class=\"gallery-group images-1\" style=\"width: 364px; height: 244px;\" data-original-width=\"364\" data-original-height=\"244\" > <div class=\"tiled-gallery-item tiled-gallery-item-large\" itemprop=\"associatedMedia\" itemscope itemtype=\"http:\/\/schema.org\/ImageObject\"> <a href=\"https:\/\/i0.wp.com\/cdnoticias.com\/wp-content\/uploads\/2021\/02\/entrega-escrituras-6.jpg?ssl=1\" border=\"0\" itemprop=\"url\"> <meta itemprop=\"width\" content=\"360\"> <meta itemprop=\"height\" content=\"240\"> <img decoding=\"async\" class=\"\" data-attachment-id=\"14189\" data-orig-file=\"https:\/\/cdnoticias.com\/wp-content\/uploads\/2021\/02\/entrega-escrituras-6.jpg\" data-orig-size=\"4608,3072\" data-comments-opened=\"\" data-image-meta=\"{&quot;aperture&quot;:&quot;5.6&quot;,&quot;credit&quot;:&quot;&quot;,&quot;camera&quot;:&quot;NIKON D3100&quot;,&quot;caption&quot;:&quot;&quot;,&quot;created_timestamp&quot;:&quot;1613643355&quot;,&quot;copyright&quot;:&quot;&quot;,&quot;focal_length&quot;:&quot;55&quot;,&quot;iso&quot;:&quot;180&quot;,&quot;shutter_speed&quot;:&quot;0.008&quot;,&quot;title&quot;:&quot;&quot;,&quot;orientation&quot;:&quot;1&quot;}\" data-image-title=\"entrega-escrituras-6\" data-image-description=\"\" data-medium-file=\"https:\/\/i0.wp.com\/cdnoticias.com\/wp-content\/uploads\/2021\/02\/entrega-escrituras-6.jpg?fit=300%2C200&#038;ssl=1\" data-large-file=\"https:\/\/i0.wp.com\/cdnoticias.com\/wp-content\/uploads\/2021\/02\/entrega-escrituras-6.jpg?fit=800%2C534&#038;ssl=1\" src=\"https:\/\/i0.wp.com\/cdnoticias.com\/wp-content\/uploads\/2021\/02\/entrega-escrituras-6.jpg?w=360&#038;h=240&#038;ssl=1\" srcset=\"https:\/\/i0.wp.com\/cdnoticias.com\/wp-content\/uploads\/2021\/02\/entrega-escrituras-6.jpg?w=4608&amp;ssl=1 4608w, https:\/\/i0.wp.com\/cdnoticias.com\/wp-content\/uploads\/2021\/02\/entrega-escrituras-6.jpg?resize=300%2C200&amp;ssl=1 300w, https:\/\/i0.wp.com\/cdnoticias.com\/wp-content\/uploads\/2021\/02\/entrega-escrituras-6.jpg?resize=768%2C512&amp;ssl=1 768w, https:\/\/i0.wp.com\/cdnoticias.com\/wp-content\/uploads\/2021\/02\/entrega-escrituras-6.jpg?resize=1024%2C683&amp;ssl=1 1024w, https:\/\/i0.wp.com\/cdnoticias.com\/wp-content\/uploads\/2021\/02\/entrega-escrituras-6.jpg?resize=272%2C182&amp;ssl=1 272w, https:\/\/i0.wp.com\/cdnoticias.com\/wp-content\/uploads\/2021\/02\/entrega-escrituras-6.jpg?w=1600&amp;ssl=1 1600w, https:\/\/i0.wp.com\/cdnoticias.com\/wp-content\/uploads\/2021\/02\/entrega-escrituras-6.jpg?w=2400&amp;ssl=1 2400w\" width=\"360\" height=\"240\" loading=\"lazy\" data-original-width=\"360\" data-original-height=\"240\" itemprop=\"http:\/\/schema.org\/image\" title=\"entrega-escrituras-6\" alt=\"entrega-escrituras-6\" style=\"width: 360px; height: 240px;\" \/> <\/a> <\/div> <\/div> <!-- close group --> <div class=\"gallery-group images-1\" style=\"width: 436px; height: 244px;\" data-original-width=\"436\" data-original-height=\"244\" > <div class=\"tiled-gallery-item tiled-gallery-item-large\" itemprop=\"associatedMedia\" itemscope itemtype=\"http:\/\/schema.org\/ImageObject\"> <a href=\"https:\/\/i0.wp.com\/cdnoticias.com\/wp-content\/uploads\/2021\/08\/randazzo03.jpg?ssl=1\" border=\"0\" itemprop=\"url\"> <meta itemprop=\"width\" content=\"432\"> <meta itemprop=\"height\" content=\"240\"> <img decoding=\"async\" class=\"\" data-attachment-id=\"29951\" data-orig-file=\"https:\/\/cdnoticias.com\/wp-content\/uploads\/2021\/08\/randazzo03.jpg\" data-orig-size=\"800,445\" data-comments-opened=\"\" data-image-meta=\"{&quot;aperture&quot;:&quot;0&quot;,&quot;credit&quot;:&quot;&quot;,&quot;camera&quot;:&quot;&quot;,&quot;caption&quot;:&quot;&quot;,&quot;created_timestamp&quot;:&quot;0&quot;,&quot;copyright&quot;:&quot;&quot;,&quot;focal_length&quot;:&quot;0&quot;,&quot;iso&quot;:&quot;0&quot;,&quot;shutter_speed&quot;:&quot;0&quot;,&quot;title&quot;:&quot;&quot;,&quot;orientation&quot;:&quot;1&quot;}\" data-image-title=\"randazzo03\" data-image-description=\"\" data-medium-file=\"https:\/\/i0.wp.com\/cdnoticias.com\/wp-content\/uploads\/2021\/08\/randazzo03.jpg?fit=300%2C167&#038;ssl=1\" data-large-file=\"https:\/\/i0.wp.com\/cdnoticias.com\/wp-content\/uploads\/2021\/08\/randazzo03.jpg?fit=800%2C445&#038;ssl=1\" src=\"https:\/\/i0.wp.com\/cdnoticias.com\/wp-content\/uploads\/2021\/08\/randazzo03.jpg?w=432&#038;h=240&#038;ssl=1\" srcset=\"https:\/\/i0.wp.com\/cdnoticias.com\/wp-content\/uploads\/2021\/08\/randazzo03.jpg?w=800&amp;ssl=1 800w, https:\/\/i0.wp.com\/cdnoticias.com\/wp-content\/uploads\/2021\/08\/randazzo03.jpg?resize=300%2C167&amp;ssl=1 300w, https:\/\/i0.wp.com\/cdnoticias.com\/wp-content\/uploads\/2021\/08\/randazzo03.jpg?resize=768%2C427&amp;ssl=1 768w\" width=\"432\" height=\"240\" loading=\"lazy\" data-original-width=\"432\" data-original-height=\"240\" itemprop=\"http:\/\/schema.org\/image\" title=\"randazzo03\" alt=\"randazzo03\" style=\"width: 432px; height: 240px;\" \/> <\/a> <\/div> <\/div> <!-- close group --> <\/div> <!-- close row --> <\/div>\n<p>&nbsp;<\/p>\n<p>Por su parte, <strong>Estudiantes emprender\u00e1 viaje a Tandil este domingo para visitar a Independiente en el Duggan Martignoni (20:00)<\/strong> y luego volver\u00e1 a la ciudad para afrontar los \u00faltimos tres partidos de la Fase Regular. El primer de ellos ser\u00e1 el <strong>viernes 28 contra All Boys de La Pampa<\/strong> para cerrar abril, luego<strong> recibir\u00e1 a Atenas de La Plata el 5 de mayo<\/strong> <strong>y culminar\u00e1 con el cl\u00e1sico frente al \u201cChaira\u201d el 12 del mismo mes<\/strong>.<\/p>\n<p>&nbsp;<\/p>\n<h6><strong>C\u00f3mo sigue la competencia<\/strong><\/h6>\n<p>Una vez terminada la Etapa Regular,<strong> el 11\u00b0 de la Divisi\u00f3n Sureste quedar\u00e1 eliminado<\/strong> y cerrar\u00e1 su temporada, mientras <strong>quienes finalicen entre el 7\u00b0 y el 10\u00b0 lugar disputar\u00e1n el play-in\u00a0<\/strong>a un partido y con ventaja de cancha para el mejor ubicado (7\u00b0 vs 10\u00b0 y 8\u00b0 vs 9\u00b0).<\/p>\n<p>&nbsp;<\/p>\n<p><strong>Los dos ganadores de la instancia play-in clasificar\u00e1n a los playoffs junto a los seis mejores<\/strong> y chocar\u00e1n de acuerdo a c\u00f3mo terminaron en la Fase Regular:<\/p>\n<p>&nbsp;<\/p>\n<p>1\u00b0 vs ganador del play-in<\/p>\n<p>2\u00b0 vs ganador del play-in<\/p>\n<p>3\u00b0 vs 6\u00b0<\/p>\n<p>4\u00b0 vs 5\u00b0<\/p>\n<p>&nbsp;<\/p>\n<p><strong>Cada llave ser\u00e1 al mejor de tres juegos con formato de 1-2 y ventaja de local\u00eda para el mejor posicionado<\/strong>. Luego,<strong> los cuatro mejores acceder\u00e1n a la Etapa Playoffs de Interconferencia con la Divisi\u00f3n Sur<\/strong>. Vale recordar que hasta el momento,<strong> Racing se ubica tercero (24 puntos)<\/strong> en la tabla de posiciones, mientras que<strong> Estudiantes se encuentra en el sexto lugar (23 unidades)<\/strong>.<\/p>\n","protected":false},"excerpt":{"rendered":"<p>El \u201cChaira\u201d sum\u00f3 dos incorporaciones para lo que resta de la temporada y afrontar\u00e1 este viernes su primer compromiso en<\/p>\n","protected":false},"author":96739694,"featured_media":164179,"comment_status":"closed","ping_status":"closed","sticky":false,"template":"","format":"standard","meta":{"_jetpack_memberships_contains_paid_content":false,"footnotes":""},"categories":[31,1,57],"tags":[],"class_list":["post-138426","post","type-post","status-publish","format-standard","has-post-thumbnail","hentry","category-basquet","category-portada","category-torneo-federal"],"jetpack_featured_media_url":"https:\/\/i0.wp.com\/cdnoticias.com\/wp-content\/uploads\/2023\/01\/racing-cae-federal-2.png?fit=1280%2C853&ssl=1","jetpack_sharing_enabled":true,"_links":{"self":[{"href":"https:\/\/cdnoticias.com\/index.php\/wp-json\/wp\/v2\/posts\/138426","targetHints":{"allow":["GET"]}}],"collection":[{"href":"https:\/\/cdnoticias.com\/index.php\/wp-json\/wp\/v2\/posts"}],"about":[{"href":"https:\/\/cdnoticias.com\/index.php\/wp-json\/wp\/v2\/types\/post"}],"author":[{"embeddable":true,"href":"https:\/\/cdnoticias.com\/index.php\/wp-json\/wp\/v2\/users\/96739694"}],"replies":[{"embeddable":true,"href":"https:\/\/cdnoticias.com\/index.php\/wp-json\/wp\/v2\/comments?post=138426"}],"version-history":[{"count":0,"href":"https:\/\/cdnoticias.com\/index.php\/wp-json\/wp\/v2\/posts\/138426\/revisions"}],"wp:featuredmedia":[{"embeddable":true,"href":"https:\/\/cdnoticias.com\/index.php\/wp-json\/wp\/v2\/media\/164179"}],"wp:attachment":[{"href":"https:\/\/cdnoticias.com\/index.php\/wp-json\/wp\/v2\/media?parent=138426"}],"wp:term":[{"taxonomy":"category","embeddable":true,"href":"https:\/\/cdnoticias.com\/index.php\/wp-json\/wp\/v2\/categories?post=138426"},{"taxonomy":"post_tag","embeddable":true,"href":"https:\/\/cdnoticias.com\/index.php\/wp-json\/wp\/v2\/tags?post=138426"}],"curies":[{"name":"wp","href":"https:\/\/api.w.org\/{rel}","templated":true}]}}