{"id":138418,"date":"2023-04-20T17:40:00","date_gmt":"2023-04-20T20:40:00","guid":{"rendered":"http:\/\/centraldeportes.com.ar\/?p=34192"},"modified":"2025-02-11T16:16:14","modified_gmt":"2025-02-11T19:16:14","slug":"estudiantes-llevo-a-cabo-su-asamblea-anual-ordinaria","status":"publish","type":"post","link":"https:\/\/cdnoticias.com\/index.php\/2023\/04\/20\/estudiantes-llevo-a-cabo-su-asamblea-anual-ordinaria\/","title":{"rendered":"Estudiantes llev\u00f3 a cabo su Asamblea Anual Ordinaria"},"content":{"rendered":"<p>Se realiz\u00f3 el pasado martes en instalaciones del Club House de Golf la Asamblea Anual Ordinaria del Club Atl\u00e9tico Estudiantes.<!--more--><\/p>\n<hr \/>\n<p>En la reuni\u00f3n estuvieron presentes autoridades de Comisi\u00f3n Directiva, dirigentes de disciplinas y socios que escucharon una positiva memoria y balance del 2022, a pesar del contexto econ\u00f3mico nacional e internacional.<\/p>\n<p>&nbsp;<\/p>\n<p>Entre los temas que se abordaron en el orden del d\u00eda y que fueron aprobados por unanimidad estuvieron la consideraci\u00f3n de la memoria, el estado de situaci\u00f3n patrimonial, el estado de Gastos y recursos, el estado de evoluci\u00f3n del patrimonio neto, el estado de flujo efectivo e informe de la Comisi\u00f3n Revisora de Cuentas por el balance del ejercicio cerrado el 31 de diciembre de 2022.<\/p>\n<p>&nbsp;<\/p>\n<p>Por \u00faltimo, se renovaron cargos de vocales titulares y suplentes y revisores de cuentas por vencimiento de mandato.<\/p>\n","protected":false},"excerpt":{"rendered":"<p>Se realiz\u00f3 el pasado martes en instalaciones del Club House de Golf la Asamblea Anual Ordinaria del Club Atl\u00e9tico Estudiantes.<\/p>\n","protected":false},"author":96739694,"featured_media":154705,"comment_status":"closed","ping_status":"closed","sticky":false,"template":"","format":"standard","meta":{"_jetpack_memberships_contains_paid_content":false,"footnotes":""},"categories":[30,1],"tags":[],"class_list":["post-138418","post","type-post","status-publish","format-standard","has-post-thumbnail","hentry","category-polideportivo","category-portada"],"jetpack_featured_media_url":"https:\/\/i0.wp.com\/cdnoticias.com\/wp-content\/uploads\/2023\/04\/WhatsApp-Image-2023-04-19-at-21.17.07.jpeg?fit=1600%2C900&ssl=1","jetpack_sharing_enabled":true,"_links":{"self":[{"href":"https:\/\/cdnoticias.com\/index.php\/wp-json\/wp\/v2\/posts\/138418","targetHints":{"allow":["GET"]}}],"collection":[{"href":"https:\/\/cdnoticias.com\/index.php\/wp-json\/wp\/v2\/posts"}],"about":[{"href":"https:\/\/cdnoticias.com\/index.php\/wp-json\/wp\/v2\/types\/post"}],"author":[{"embeddable":true,"href":"https:\/\/cdnoticias.com\/index.php\/wp-json\/wp\/v2\/users\/96739694"}],"replies":[{"embeddable":true,"href":"https:\/\/cdnoticias.com\/index.php\/wp-json\/wp\/v2\/comments?post=138418"}],"version-history":[{"count":0,"href":"https:\/\/cdnoticias.com\/index.php\/wp-json\/wp\/v2\/posts\/138418\/revisions"}],"wp:featuredmedia":[{"embeddable":true,"href":"https:\/\/cdnoticias.com\/index.php\/wp-json\/wp\/v2\/media\/154705"}],"wp:attachment":[{"href":"https:\/\/cdnoticias.com\/index.php\/wp-json\/wp\/v2\/media?parent=138418"}],"wp:term":[{"taxonomy":"category","embeddable":true,"href":"https:\/\/cdnoticias.com\/index.php\/wp-json\/wp\/v2\/categories?post=138418"},{"taxonomy":"post_tag","embeddable":true,"href":"https:\/\/cdnoticias.com\/index.php\/wp-json\/wp\/v2\/tags?post=138418"}],"curies":[{"name":"wp","href":"https:\/\/api.w.org\/{rel}","templated":true}]}}