{"id":138409,"date":"2023-04-19T17:10:05","date_gmt":"2023-04-19T20:10:05","guid":{"rendered":"http:\/\/centraldeportes.com.ar\/?p=34126"},"modified":"2025-02-11T16:16:27","modified_gmt":"2025-02-11T19:16:27","slug":"las-inferiores-volvieron-a-picar-la-pelota","status":"publish","type":"post","link":"https:\/\/cdnoticias.com\/index.php\/2023\/04\/19\/las-inferiores-volvieron-a-picar-la-pelota\/","title":{"rendered":"Las inferiores volvieron a picar la pelota"},"content":{"rendered":"<p>Luego del receso por el fin de semana largo de Pascuas, el Torneo Oficial organizado por la Asociaci\u00f3n de B\u00e1squet de Olavarr\u00eda para las categor\u00edas del b\u00e1squet formativo complet\u00f3 la 7\u00b0 fecha.<\/p>\n<p><!--more--><\/p>\n<hr \/>\n<p>En diferentes escenarios y durante s\u00e1bado y domingo se jugaron partidos de la continuidad del certamen formativo masculino. Adem\u00e1s, arrancaron las mujeres en el gimnasio de San Mart\u00edn.<\/p>\n<p>&nbsp;<\/p>\n<p>[soliloquy id=&#8221;34125&#8243;]<\/p>\n<p>&nbsp;<\/p>\n<p>Los resultados:<\/p>\n<p><strong>Uni\u00f3n y Progreso Verde &#8211; Las Flores B\u00e1squet:<\/strong><br \/>\nMini: 56-58<br \/>\nU13: 65-22<br \/>\nU15: 64-29<br \/>\nU17: 65-59<\/p>\n<p><strong>Loma Negra &#8211; Uni\u00f3n y Progreso Blanco:<\/strong><br \/>\nMini:59-39<br \/>\nU15: 107-34<\/p>\n<p><strong>Racing (L) &#8211; Independiente:<\/strong><br \/>\nMini \u201cA\u201d: 48-70<br \/>\nMini \u201cB\u201d: 25-40<br \/>\nU13: 62-57<br \/>\nU15 \u201cA\u201d: 33-108<br \/>\nU15 \u201cB\u201d: 62-43<br \/>\nU17: 48-56<\/p>\n<p><strong>San Mart\u00edn &#8211; Racing Azul:<\/strong><br \/>\nMini: 57-31<br \/>\nU13: 65-39<br \/>\nU15: 32-49<br \/>\nU17: 22-99<br \/>\nU19: 56-119.<\/p>\n<p><strong>El Fort\u00edn &#8211; Racing Blanco:<\/strong><br \/>\nU15: 63-34<br \/>\nU17: 40-53<\/p>\n<p><strong>Pueblo Nuevo &#8211; Jorge Newbery:<\/strong><br \/>\nMini: 28-37<br \/>\nU15: 48-63<br \/>\nU17: 54-47<\/p>\n<p><strong>Chacarita Rojo &#8211; Estudiantes Negro:<\/strong><br \/>\nMini: 69-16.<br \/>\nU13: 91-38<br \/>\nU15: 48-63<br \/>\nU17: 45-99<\/p>\n<p><strong>Chacarita Negro &#8211; Estudiantes Blanco:<\/strong><br \/>\nU15: 34-66<\/p>\n","protected":false},"excerpt":{"rendered":"<p>Luego del receso por el fin de semana largo de Pascuas, el Torneo Oficial organizado por la Asociaci\u00f3n de B\u00e1squet<\/p>\n","protected":false},"author":96739694,"featured_media":154727,"comment_status":"closed","ping_status":"closed","sticky":false,"template":"","format":"standard","meta":{"_jetpack_memberships_contains_paid_content":false,"footnotes":""},"categories":[31,44,1],"tags":[],"class_list":["post-138409","post","type-post","status-publish","format-standard","has-post-thumbnail","hentry","category-basquet","category-inferiores-basquet","category-portada"],"jetpack_featured_media_url":"https:\/\/i0.wp.com\/cdnoticias.com\/wp-content\/uploads\/2023\/04\/inf-abo-19.jpeg?fit=1500%2C1000&ssl=1","jetpack_sharing_enabled":true,"_links":{"self":[{"href":"https:\/\/cdnoticias.com\/index.php\/wp-json\/wp\/v2\/posts\/138409","targetHints":{"allow":["GET"]}}],"collection":[{"href":"https:\/\/cdnoticias.com\/index.php\/wp-json\/wp\/v2\/posts"}],"about":[{"href":"https:\/\/cdnoticias.com\/index.php\/wp-json\/wp\/v2\/types\/post"}],"author":[{"embeddable":true,"href":"https:\/\/cdnoticias.com\/index.php\/wp-json\/wp\/v2\/users\/96739694"}],"replies":[{"embeddable":true,"href":"https:\/\/cdnoticias.com\/index.php\/wp-json\/wp\/v2\/comments?post=138409"}],"version-history":[{"count":0,"href":"https:\/\/cdnoticias.com\/index.php\/wp-json\/wp\/v2\/posts\/138409\/revisions"}],"wp:featuredmedia":[{"embeddable":true,"href":"https:\/\/cdnoticias.com\/index.php\/wp-json\/wp\/v2\/media\/154727"}],"wp:attachment":[{"href":"https:\/\/cdnoticias.com\/index.php\/wp-json\/wp\/v2\/media?parent=138409"}],"wp:term":[{"taxonomy":"category","embeddable":true,"href":"https:\/\/cdnoticias.com\/index.php\/wp-json\/wp\/v2\/categories?post=138409"},{"taxonomy":"post_tag","embeddable":true,"href":"https:\/\/cdnoticias.com\/index.php\/wp-json\/wp\/v2\/tags?post=138409"}],"curies":[{"name":"wp","href":"https:\/\/api.w.org\/{rel}","templated":true}]}}