{"id":138403,"date":"2023-04-18T15:03:22","date_gmt":"2023-04-18T18:03:22","guid":{"rendered":"http:\/\/centraldeportes.com.ar\/?p=34057"},"modified":"2025-02-11T16:14:43","modified_gmt":"2025-02-11T19:14:43","slug":"padel-se-disputo-el-regional-de-menores","status":"publish","type":"post","link":"https:\/\/cdnoticias.com\/index.php\/2023\/04\/18\/padel-se-disputo-el-regional-de-menores\/","title":{"rendered":"P\u00e1del: se disput\u00f3 el Regional de Menores"},"content":{"rendered":"<p>El certamen organizado por la Asociaci\u00f3n Civil Olavarriense de P\u00e1del y la Federaci\u00f3n Argentina de P\u00e1del cont\u00f3 con la participaci\u00f3n de casi 180 jugadores provenientes de diferentes ciudades.<\/p>\n<p><!--more--><\/p>\n<hr \/>\n<p>Durante este fin de semana se disput\u00f3 en Olavarr\u00eda el Regional de Menores organizado por La Asociaci\u00f3n Civil Olavarriense de P\u00e1del (ACOP) y la Federaci\u00f3n Argentina de P\u00e1del (FAP).<\/p>\n<p>&nbsp;<\/p>\n<p>El torneo fue clasificatorio para el torneo Nacional FAP, que se juega a fin de a\u00f1o. La convocatoria fue de casi 180 jugadores provenientes de Tandil, Benito Ju\u00e1rez, Coronel Pringles, Las Flores, Daireaux, Azul, Henderson, Necochea, La Plata, Chillar, Lober\u00eda, La Colina, Laguna Alsina y Florencio Varela.<\/p>\n<p>&nbsp;<\/p>\n<p>La competencia tuvo acci\u00f3n de ocho categor\u00edas distribuidas en los complejos de El Triunfo, Las Terrazas, PadelTime y Club de Amigos.<\/p>\n<p>&nbsp;<\/p>\n<h6><strong>Los campeones y subcampeones fueron:<\/strong><\/h6>\n<p><strong>Escuela D1<\/strong><br \/>\nJuan Gonz\u00e1lez Guerra e Ignacio Picabea que derrotaron en la final a Lucia Larregina y Santino Lavayen por 6\/0 y 6\/2.<\/p>\n<p>&nbsp;<\/p>\n<p><strong>Escuela D2<\/strong><br \/>\nValentino Silverati y Bautista Sanz Gonz\u00e1lez vencieron a Thiago Rodr\u00edguez y Luca Visconti Trovato por 6\/1 y 6\/2.<\/p>\n<p>&nbsp;<\/p>\n<p><strong>Sub 14\/ 16 y 18 Quinta Unificada<\/strong><br \/>\nJuli\u00e1n Bord\u00f3n y Gonzalo Trejo Vizcaino superaron a Lautaro Arrien y Franco Manuel por 6\/2 y 6\/2.<\/p>\n<p>&nbsp;<\/p>\n<p><strong>Damas Quinta<\/strong><br \/>\nJazm\u00edn Leonardo y Mercedes Garrido se impusieron a Carolina Marcos y Renata V\u00e1zquez por 6\/3 y 6\/4.<\/p>\n<p>&nbsp;<\/p>\n<p><strong>Sub 21\/ 14\/ 16 y 18 Sexta unificada<\/strong><br \/>\nJuan Reynoso y Luciano Burgos a le ganaron a Tob\u00edas Block y Mat\u00edas Burnet por 6\/4 y 6\/3.<\/p>\n<p>&nbsp;<\/p>\n<p><strong>En Sub 12\/14 7\u00aa Categor\u00eda<\/strong> los campeones fueron los olavarrienses Santino Salazar e Iv\u00e1n Dos Santos que vencieron a Benjam\u00edn Zapata y Tiziano Ortigosa por 6\/1 y 6\/4.<\/p>\n<p>&nbsp;<\/p>\n<p>Los olavarrienses Mateo \u00c1ngulo y Nicol\u00e1s Kronh se coronaron en <strong>Sub 16\/18<\/strong>. En la final vencieron a Mateo Fern\u00e1ndez Pe\u00f1a y Nicol\u00e1s Centineo por 6\/3 y 7\/6<\/p>\n<p>&nbsp;<\/p>\n<p>En <strong>S\u00e9ptima Damas<\/strong> la dupla olavarriense, Felisa Calafate y Jazm\u00edn Dos Santos logr\u00f3 el t\u00edtulo tras vencer en la final a \u00c1mbar S\u00e1nchez Blanco y Josefina Mansilla por 6\/4 6\/7 y 7\/5.<\/p>\n","protected":false},"excerpt":{"rendered":"<p>El certamen organizado por la Asociaci\u00f3n Civil Olavarriense de P\u00e1del y la Federaci\u00f3n Argentina de P\u00e1del cont\u00f3 con la participaci\u00f3n<\/p>\n","protected":false},"author":96739694,"featured_media":154614,"comment_status":"closed","ping_status":"closed","sticky":false,"template":"","format":"standard","meta":{"_jetpack_memberships_contains_paid_content":false,"footnotes":""},"categories":[30,1],"tags":[],"class_list":["post-138403","post","type-post","status-publish","format-standard","has-post-thumbnail","hentry","category-polideportivo","category-portada"],"jetpack_featured_media_url":"https:\/\/i0.wp.com\/cdnoticias.com\/wp-content\/uploads\/2023\/04\/WhatsApp-Image-2023-04-18-at-14.47.57-e1681840987120.jpeg?fit=1200%2C668&ssl=1","jetpack_sharing_enabled":true,"_links":{"self":[{"href":"https:\/\/cdnoticias.com\/index.php\/wp-json\/wp\/v2\/posts\/138403","targetHints":{"allow":["GET"]}}],"collection":[{"href":"https:\/\/cdnoticias.com\/index.php\/wp-json\/wp\/v2\/posts"}],"about":[{"href":"https:\/\/cdnoticias.com\/index.php\/wp-json\/wp\/v2\/types\/post"}],"author":[{"embeddable":true,"href":"https:\/\/cdnoticias.com\/index.php\/wp-json\/wp\/v2\/users\/96739694"}],"replies":[{"embeddable":true,"href":"https:\/\/cdnoticias.com\/index.php\/wp-json\/wp\/v2\/comments?post=138403"}],"version-history":[{"count":0,"href":"https:\/\/cdnoticias.com\/index.php\/wp-json\/wp\/v2\/posts\/138403\/revisions"}],"wp:featuredmedia":[{"embeddable":true,"href":"https:\/\/cdnoticias.com\/index.php\/wp-json\/wp\/v2\/media\/154614"}],"wp:attachment":[{"href":"https:\/\/cdnoticias.com\/index.php\/wp-json\/wp\/v2\/media?parent=138403"}],"wp:term":[{"taxonomy":"category","embeddable":true,"href":"https:\/\/cdnoticias.com\/index.php\/wp-json\/wp\/v2\/categories?post=138403"},{"taxonomy":"post_tag","embeddable":true,"href":"https:\/\/cdnoticias.com\/index.php\/wp-json\/wp\/v2\/tags?post=138403"}],"curies":[{"name":"wp","href":"https:\/\/api.w.org\/{rel}","templated":true}]}}