{"id":13839,"date":"2021-02-15T19:59:02","date_gmt":"2021-02-15T22:59:02","guid":{"rendered":"http:\/\/www.centraldenoticias.com.ar\/?p=13839"},"modified":"2021-02-16T11:44:42","modified_gmt":"2021-02-16T14:44:42","slug":"la-causa-judicial-por-las-muertes-en-el-recital-del-indio-solari-ya-se-encuentra-en-el-juzgado-correccional-local","status":"publish","type":"post","link":"https:\/\/cdnoticias.com\/index.php\/2021\/02\/15\/la-causa-judicial-por-las-muertes-en-el-recital-del-indio-solari-ya-se-encuentra-en-el-juzgado-correccional-local\/","title":{"rendered":"La causa judicial por las muertes en el recital del Indio Solari ya se encuentra en el Juzgado Correccional local"},"content":{"rendered":"<p>El ingreso se dio en los \u00faltimos d\u00edas, proveniente del Tribunal de Casaci\u00f3n, donde las partes hab\u00edan recurrido sin \u00e9xito la elevaci\u00f3n al juicio que se llevar\u00e1 a cabo en Olavarr\u00eda.<!--more--><\/p>\n<hr \/>\n<p><strong>Ignacio Cerdera<\/strong> \/ <a href=\"https:\/\/twitter.com\/nachocerdera\" target=\"_blank\" rel=\"noopener\">@nachocerdera<\/a><\/p>\n<p><em>(del staff de Central de Noticias)<\/em><\/p>\n<p>&nbsp;<\/p>\n<p>En los \u00faltimos d\u00edas retorn\u00f3 a nuestra ciudad <strong>la causa judicial que pretende establecer condiciones y, m\u00e1s a\u00fan, responsabilidades con respecto a las dos muertes y las lesiones sufridas por, al menos, 8 personas en el marco del recital del Indio Solari y los Fundamentalistas del Aire Acondicionado<\/strong>, que a mediados de marzo del 2017 se llev\u00f3 a cabo en el predio La Colmena de nuestra ciudad.<\/p>\n<p>&nbsp;<\/p>\n<figure id=\"attachment_8016\" aria-describedby=\"caption-attachment-8016\" style=\"width: 948px\" class=\"wp-caption alignnone\"><img data-recalc-dims=\"1\" loading=\"lazy\" decoding=\"async\" class=\"size-full wp-image-8016\" src=\"https:\/\/i0.wp.com\/cdnoticias.com\/wp-content\/uploads\/2020\/12\/1606944511.jpeg?resize=800%2C450&#038;ssl=1\" alt=\"\" width=\"800\" height=\"450\" srcset=\"https:\/\/i0.wp.com\/cdnoticias.com\/wp-content\/uploads\/2020\/12\/1606944511.jpeg?w=948&amp;ssl=1 948w, https:\/\/i0.wp.com\/cdnoticias.com\/wp-content\/uploads\/2020\/12\/1606944511.jpeg?resize=300%2C169&amp;ssl=1 300w, https:\/\/i0.wp.com\/cdnoticias.com\/wp-content\/uploads\/2020\/12\/1606944511.jpeg?resize=768%2C432&amp;ssl=1 768w\" sizes=\"auto, (max-width: 800px) 100vw, 800px\" \/><figcaption id=\"caption-attachment-8016\" class=\"wp-caption-text\">Foto Nacho Correa \/Diario El TIempo de Azul<\/figcaption><\/figure>\n<p>&nbsp;<\/p>\n<p>Seg\u00fan logr\u00f3 conocer <em><strong>Central de Noticias<\/strong><\/em>, cada uno de los cuerpos que integran la investigaci\u00f3n fueron ingresados recientemente al <strong>Juzgado Correccional local de la doctora Cecilia Desiata, quien ser\u00e1 la encargada precisamente de dirimir el grado de participaci\u00f3n o responsabilidad de los tres acusados que tiene la causa<\/strong>. Se trata de los hermanos Marcos y Mat\u00edas Peuscovich, adem\u00e1s de Gustavo Zurita, todos integrantes de En Vivo SA, la productora que trajo a Olavarr\u00eda la banda liderada por el ex l\u00edder de Patricio Rey y los Redonditos de Ricota.<\/p>\n<p>&nbsp;<\/p>\n<p>Vale destacar que <strong>a\u00fan las audiencias no tienen fecha de realizaci\u00f3n, al punto que a\u00fan no comenz\u00f3 la etapa de ofrecimiento de prueba de las partes<\/strong>, es decir la presentaci\u00f3n de los elementos (testimonios y evidencias) que tanto la querella como la defensa, adem\u00e1s del particular damnificado (denominaci\u00f3n que corresponde a la representaci\u00f3n legal particular de las v\u00edctimas), van a querer utilizar durante el transcurso del proceso judicial que se llevar\u00e1 a cabo en el primer piso del recinto de justicia local.<\/p>\n<p>&nbsp;<\/p>\n<figure id=\"attachment_8014\" aria-describedby=\"caption-attachment-8014\" style=\"width: 910px\" class=\"wp-caption alignnone\"><img data-recalc-dims=\"1\" loading=\"lazy\" decoding=\"async\" class=\"size-full wp-image-8014\" src=\"https:\/\/i0.wp.com\/cdnoticias.com\/wp-content\/uploads\/2020\/12\/1606944224.jpeg?resize=800%2C529&#038;ssl=1\" alt=\"\" width=\"800\" height=\"529\" srcset=\"https:\/\/i0.wp.com\/cdnoticias.com\/wp-content\/uploads\/2020\/12\/1606944224.jpeg?w=910&amp;ssl=1 910w, https:\/\/i0.wp.com\/cdnoticias.com\/wp-content\/uploads\/2020\/12\/1606944224.jpeg?resize=300%2C198&amp;ssl=1 300w, https:\/\/i0.wp.com\/cdnoticias.com\/wp-content\/uploads\/2020\/12\/1606944224.jpeg?resize=768%2C508&amp;ssl=1 768w\" sizes=\"auto, (max-width: 800px) 100vw, 800px\" \/><figcaption id=\"caption-attachment-8014\" class=\"wp-caption-text\">Foto Nacho Correa \/Diario El TIempo de Azul<\/figcaption><\/figure>\n<p>&nbsp;<\/p>\n<p>Las actuaciones por los hechos, pese a las apelaciones y planteos principalmente desde la fiscal\u00eda, quedaron ratificadas como \u201c<strong>homicidio culposo -dos hechos-\u201d y \u201clesiones culposas -8 hechos-\u201d<\/strong>, tal cual fue <a href=\"https:\/\/cdnoticias.com\/index.php\/2020\/12\/02\/casacion-confirmo-la-elevacion-a-juicio-de-la-causa-por-el-recital-del-indio-en-olavarria\/\" target=\"_blank\" rel=\"noopener\">ratificado recientemente desde el Tribunal de Casaci\u00f3n<\/a>. Ese encuadre explica por qu\u00e9 todo ser\u00e1 dirimido en el \u00e1mbito correccional y no el criminal, tal cual era la intenci\u00f3n de la querella que en la \u00faltima parte de la instrucci\u00f3n se vio encabezada por el doctor Ignacio Calonje, titular de la fiscal\u00eda de Delitos Especiales del Departamento Judicial de Azul.<\/p>\n<p>&nbsp;<\/p>\n<p><strong>Hablar del regreso de la causa a Olavarr\u00eda tampoco es un aspecto menor, ya que esa situaci\u00f3n no suced\u00eda desde las primeras semanas que le siguieron al hecho, cuando la instrucci\u00f3n era liderada por la fiscal Susana Alonso<\/strong>, una de las tres fiscales que comand\u00f3 la direcci\u00f3n de la causa. Vale recordar que poco despu\u00e9s, todo ser\u00eda remitido a la denominada fiscal\u00eda E, que tiempo atr\u00e1s supo tener al doctor David Carballo como titular.<\/p>\n","protected":false},"excerpt":{"rendered":"<p>El ingreso se dio en los \u00faltimos d\u00edas, proveniente del Tribunal de Casaci\u00f3n, donde las partes hab\u00edan recurrido sin \u00e9xito<\/p>\n","protected":false},"author":3,"featured_media":1882,"comment_status":"closed","ping_status":"closed","sticky":false,"template":"","format":"standard","meta":{"_jetpack_memberships_contains_paid_content":false,"footnotes":""},"categories":[14,1],"tags":[],"class_list":["post-13839","post","type-post","status-publish","format-standard","has-post-thumbnail","hentry","category-policiales","category-portada"],"jetpack_featured_media_url":"https:\/\/i0.wp.com\/cdnoticias.com\/wp-content\/uploads\/2020\/09\/WhatsApp-Image-2020-08-31-at-16.11.41-4-e1629489039378.jpeg?fit=1078%2C640&ssl=1","jetpack_sharing_enabled":true,"_links":{"self":[{"href":"https:\/\/cdnoticias.com\/index.php\/wp-json\/wp\/v2\/posts\/13839","targetHints":{"allow":["GET"]}}],"collection":[{"href":"https:\/\/cdnoticias.com\/index.php\/wp-json\/wp\/v2\/posts"}],"about":[{"href":"https:\/\/cdnoticias.com\/index.php\/wp-json\/wp\/v2\/types\/post"}],"author":[{"embeddable":true,"href":"https:\/\/cdnoticias.com\/index.php\/wp-json\/wp\/v2\/users\/3"}],"replies":[{"embeddable":true,"href":"https:\/\/cdnoticias.com\/index.php\/wp-json\/wp\/v2\/comments?post=13839"}],"version-history":[{"count":0,"href":"https:\/\/cdnoticias.com\/index.php\/wp-json\/wp\/v2\/posts\/13839\/revisions"}],"wp:featuredmedia":[{"embeddable":true,"href":"https:\/\/cdnoticias.com\/index.php\/wp-json\/wp\/v2\/media\/1882"}],"wp:attachment":[{"href":"https:\/\/cdnoticias.com\/index.php\/wp-json\/wp\/v2\/media?parent=13839"}],"wp:term":[{"taxonomy":"category","embeddable":true,"href":"https:\/\/cdnoticias.com\/index.php\/wp-json\/wp\/v2\/categories?post=13839"},{"taxonomy":"post_tag","embeddable":true,"href":"https:\/\/cdnoticias.com\/index.php\/wp-json\/wp\/v2\/tags?post=13839"}],"curies":[{"name":"wp","href":"https:\/\/api.w.org\/{rel}","templated":true}]}}